{"id":997,"date":"2017-10-12T14:34:00","date_gmt":"2017-10-12T12:34:00","guid":{"rendered":"http:\/\/zst-skarzysko.pl\/?p=997"},"modified":"2017-10-15T17:57:37","modified_gmt":"2017-10-15T15:57:37","slug":"pola-nadziei-2017-w-techniku","status":"publish","type":"post","link":"https:\/\/zst-skarzysko.pl\/?p=997","title":{"rendered":"Pola Nadziei 2017 w Techniku"},"content":{"rendered":"<p>Dzi\u015b w Zespole Szk\u00f3\u0142 Technicznych im. Armii Krajowej w Skar\u017cysku-Kamiennej odby\u0142o si\u0119 sadzenie \u017conkili w ramach Og\u00f3lnopolskiej Kampanii \u201ePola Nadziei\u201d. Dyrektor Szko\u0142y Janusz Maciejewski wraz z wolontariuszami z Samorz\u0105du Szkolnego oraz ich opiekunami p. Paw\u0142em Kartasi\u0144skim, p. Jackiem Bryzikiem oraz p. Zbigniewem Sitkiewiczem zasadzili sadzonki na terenie szko\u0142y. Ta akcja jest wyrazem solidarno\u015bci z cierpi\u0105cymi. Wiosn\u0105 kwiaty, kt\u00f3re zakwitn\u0105, zostan\u0105 \u015bci\u0119te, wolontariusze b\u0119d\u0105 je rozdawa\u0107 przechodniom, prosz\u0105c o datki na potrzeby Skar\u017cyskiego Hospicjum. Ta akcja charytatywna odby\u0142a si\u0119 dzi\u0119ki wsp\u00f3\u0142pracy szko\u0142y z Towarzystwem Przyjaci\u00f3\u0142 Chorych w Skar\u017cysku-Kamiennej. W sadzeniu \u017conkili uczestniczyli uczniowie klasy 2TF technikum fototechnicznego oraz klasy 1TF technikum fotografii i multimedi\u00f3w. Zdj\u0119cia: Anna Pi\u0119tka, Roksana Miko\u0142ajczuk, Dominika Bartosiewicz, Dominika P\u0142usa oraz Wiktoria Salamaga  z klasy 1TF technikum fotografii i multimedi\u00f3w.<\/p>\n<p style=\"text-align: right;\">\n<!-- Buttons X - Start -->\n<style type=\"text\/css\" scoped>\/*484-start*\/\n#btnsx-484{margin-top:0px;margin-bottom:0px;margin-left:0px;margin-right:0px;padding-top:10px;padding-bottom:10px;padding-left:40px;padding-right:40px;}\n#btnsx-484 .btnsx-text-primary{font-size:21px;line-height:21px;font-family:Inherit;color:#ffffff;padding-top:0px;padding-bottom:0px;padding-left:0px;padding-right:0px;}\n#btnsx-484:hover .btnsx-text-primary{color:#ffffff;}\n#btnsx-484{background-color:#2e93cd!important;}\n#btnsx-484:hover{background-color:#1488cc!important;}\n#btnsx-484{border-top-width:0px;border-bottom-width:0px;border-left-width:0px;border-right-width:0px;border-style:none;border-top-left-radius:0px;border-top-right-radius:0px;border-bottom-left-radius:0px;border-bottom-right-radius:0px;}\n#btnsx-484:hover{border-top-width:0px;border-bottom-width:0px;border-left-width:0px;border-right-width:0px;border-style:none;border-top-left-radius:0px;border-top-right-radius:0px;border-bottom-left-radius:0px;border-bottom-right-radius:0px;}\n#btnsx-484{-webkit-box-shadow:none;box-shadow:none;}\n#btnsx-484:hover{-webkit-box-shadow:none;box-shadow:none;}\n\/*484-end*\/\n<\/style>\n<a href=\"https:\/\/photos.app.goo.gl\/7GclCcAAoYeX5ezA2\" id=\"btnsx-484\" target=\"_blank\" class=\"btnsx-btn\"  data-font-primary=\"Inherit\">\n\t<span class=\"btnsx-text-primary \">Zobacz album ze zdj\u0119ciami<\/span><\/a>\n\n<!-- Buttons X - End -->\n<\/p>\n","protected":false},"excerpt":{"rendered":"<p>Dzi\u015b w Zespole Szk\u00f3\u0142 Technicznych im. Armii Krajowej w Skar\u017cysku-Kamiennej odby\u0142o si\u0119 sadzenie \u017conkili w ramach Og\u00f3lnopolskiej Kampanii \u201ePola Nadziei\u201d. Dyrektor Szko\u0142y Janusz Maciejewski wraz [&hellip;]<\/p>\n","protected":false},"author":1,"featured_media":996,"comment_status":"closed","ping_status":"closed","sticky":false,"template":"","format":"standard","meta":{"footnotes":"","_links_to":"","_links_to_target":""},"categories":[1],"tags":[],"class_list":["post-997","post","type-post","status-publish","format-standard","has-post-thumbnail","hentry","category-bez-kategorii"],"_links":{"self":[{"href":"https:\/\/zst-skarzysko.pl\/index.php?rest_route=\/wp\/v2\/posts\/997","targetHints":{"allow":["GET"]}}],"collection":[{"href":"https:\/\/zst-skarzysko.pl\/index.php?rest_route=\/wp\/v2\/posts"}],"about":[{"href":"https:\/\/zst-skarzysko.pl\/index.php?rest_route=\/wp\/v2\/types\/post"}],"author":[{"embeddable":true,"href":"https:\/\/zst-skarzysko.pl\/index.php?rest_route=\/wp\/v2\/users\/1"}],"replies":[{"embeddable":true,"href":"https:\/\/zst-skarzysko.pl\/index.php?rest_route=%2Fwp%2Fv2%2Fcomments&post=997"}],"version-history":[{"count":3,"href":"https:\/\/zst-skarzysko.pl\/index.php?rest_route=\/wp\/v2\/posts\/997\/revisions"}],"predecessor-version":[{"id":1000,"href":"https:\/\/zst-skarzysko.pl\/index.php?rest_route=\/wp\/v2\/posts\/997\/revisions\/1000"}],"wp:featuredmedia":[{"embeddable":true,"href":"https:\/\/zst-skarzysko.pl\/index.php?rest_route=\/wp\/v2\/media\/996"}],"wp:attachment":[{"href":"https:\/\/zst-skarzysko.pl\/index.php?rest_route=%2Fwp%2Fv2%2Fmedia&parent=997"}],"wp:term":[{"taxonomy":"category","embeddable":true,"href":"https:\/\/zst-skarzysko.pl\/index.php?rest_route=%2Fwp%2Fv2%2Fcategories&post=997"},{"taxonomy":"post_tag","embeddable":true,"href":"https:\/\/zst-skarzysko.pl\/index.php?rest_route=%2Fwp%2Fv2%2Ftags&post=997"}],"curies":[{"name":"wp","href":"https:\/\/api.w.org\/{rel}","templated":true}]}}