{"id":6894,"date":"2026-02-25T09:28:09","date_gmt":"2026-02-25T08:28:09","guid":{"rendered":"https:\/\/zst-skarzysko.pl\/?p=6894"},"modified":"2026-03-05T09:33:08","modified_gmt":"2026-03-05T08:33:08","slug":"oddajemy-krew-dla-naszego-kolegi","status":"publish","type":"post","link":"https:\/\/zst-skarzysko.pl\/?p=6894","title":{"rendered":"Oddajemy krew dla naszego kolegi"},"content":{"rendered":"<p class=\"Standard\">W poniedzia\u0142ek 23 lutego 2026 uczniowie: Adamczyk Jakub, Grz\u0119da Kornel, Kozie\u0142 Mi\u0142osz, Mikosza Patryk, \u017buchowski Filip, Maci\u0144ski Jakub i nauczyciele Karol Wysmoli\u0144ski i Krzysztof \u0141akomiec wzi\u0119li udzia\u0142 w akcji oddawania krwi na rzecz jednego z uczni\u00f3w naszej szko\u0142y. Dzi\u0119kujemy wszystkim zaanga\u017cowanym w to wa\u017cne przedsi\u0119wzi\u0119cie i okazanie wsparcia. Informujemy, \u017ce akcja b\u0119dzie kontynuowana i zach\u0119camy ca\u0142\u0105 nasz\u0105 spo\u0142eczno\u015b\u0107 do uczestnictwa.<\/p>\n<p>&nbsp;<\/p>\n\n<!-- Buttons X - Start -->\n<style type=\"text\/css\" scoped>\/*1867-start*\/\n#btnsx-1867{margin-top:0px;margin-bottom:0px;margin-left:0px;margin-right:0px;padding-top:10px;padding-bottom:10px;padding-left:40px;padding-right:40px;}\n#btnsx-1867 .btnsx-text-primary{font-size:21px;line-height:21px;font-style:normal;color:#f7f7f7;padding-top:0px;padding-bottom:0px;padding-left:0px;padding-right:0px;}\n#btnsx-1867:hover .btnsx-text-primary{color:#777;}\n#btnsx-1867{background-color:#1e73be!important;}\n#btnsx-1867:hover{background-color:#2000f2!important;}\n#btnsx-1867{border-top-width:0px;border-bottom-width:0px;border-left-width:0px;border-right-width:0px;border-style:none;border-top-left-radius:0px;border-top-right-radius:0px;border-bottom-left-radius:0px;border-bottom-right-radius:0px;}\n#btnsx-1867:hover{border-top-width:0px;border-bottom-width:0px;border-left-width:0px;border-right-width:0px;border-style:none;border-top-left-radius:0px;border-top-right-radius:0px;border-bottom-left-radius:0px;border-bottom-right-radius:0px;}\n#btnsx-1867{-webkit-box-shadow:none;box-shadow:none;}\n#btnsx-1867:hover{-webkit-box-shadow:none;box-shadow:none;}\n\/*1867-end*\/\n<\/style>\n<a href=\" https:\/\/photos.app.goo.gl\/5jzAdsCtXhuAmrFCA\" id=\"btnsx-1867\" target=\"_blank\" class=\"btnsx-btn\" >\n\t<span class=\"btnsx-text-primary \">Zobacz album ze zdj\u0119ciami<\/span><\/a>\n\n<!-- Buttons X - End -->\n\n","protected":false},"excerpt":{"rendered":"<p>W poniedzia\u0142ek 23 lutego 2026 uczniowie: Adamczyk Jakub, Grz\u0119da Kornel, Kozie\u0142 Mi\u0142osz, Mikosza Patryk, \u017buchowski Filip, Maci\u0144ski Jakub i nauczyciele Karol Wysmoli\u0144ski i Krzysztof \u0141akomiec [&hellip;]<\/p>\n","protected":false},"author":8,"featured_media":6895,"comment_status":"closed","ping_status":"closed","sticky":false,"template":"","format":"standard","meta":{"footnotes":"","_links_to":"","_links_to_target":""},"categories":[1],"tags":[],"class_list":["post-6894","post","type-post","status-publish","format-standard","has-post-thumbnail","hentry","category-bez-kategorii"],"_links":{"self":[{"href":"https:\/\/zst-skarzysko.pl\/index.php?rest_route=\/wp\/v2\/posts\/6894","targetHints":{"allow":["GET"]}}],"collection":[{"href":"https:\/\/zst-skarzysko.pl\/index.php?rest_route=\/wp\/v2\/posts"}],"about":[{"href":"https:\/\/zst-skarzysko.pl\/index.php?rest_route=\/wp\/v2\/types\/post"}],"author":[{"embeddable":true,"href":"https:\/\/zst-skarzysko.pl\/index.php?rest_route=\/wp\/v2\/users\/8"}],"replies":[{"embeddable":true,"href":"https:\/\/zst-skarzysko.pl\/index.php?rest_route=%2Fwp%2Fv2%2Fcomments&post=6894"}],"version-history":[{"count":1,"href":"https:\/\/zst-skarzysko.pl\/index.php?rest_route=\/wp\/v2\/posts\/6894\/revisions"}],"predecessor-version":[{"id":6896,"href":"https:\/\/zst-skarzysko.pl\/index.php?rest_route=\/wp\/v2\/posts\/6894\/revisions\/6896"}],"wp:featuredmedia":[{"embeddable":true,"href":"https:\/\/zst-skarzysko.pl\/index.php?rest_route=\/wp\/v2\/media\/6895"}],"wp:attachment":[{"href":"https:\/\/zst-skarzysko.pl\/index.php?rest_route=%2Fwp%2Fv2%2Fmedia&parent=6894"}],"wp:term":[{"taxonomy":"category","embeddable":true,"href":"https:\/\/zst-skarzysko.pl\/index.php?rest_route=%2Fwp%2Fv2%2Fcategories&post=6894"},{"taxonomy":"post_tag","embeddable":true,"href":"https:\/\/zst-skarzysko.pl\/index.php?rest_route=%2Fwp%2Fv2%2Ftags&post=6894"}],"curies":[{"name":"wp","href":"https:\/\/api.w.org\/{rel}","templated":true}]}}