{"id":6878,"date":"2026-03-01T08:58:21","date_gmt":"2026-03-01T07:58:21","guid":{"rendered":"https:\/\/zst-skarzysko.pl\/?p=6878"},"modified":"2026-03-01T08:58:21","modified_gmt":"2026-03-01T07:58:21","slug":"lepiej-stojac-umierac-niz-kleczac-na-kolanach-zyc","status":"publish","type":"post","link":"https:\/\/zst-skarzysko.pl\/?p=6878","title":{"rendered":"\u201eLepiej stoj\u0105c umiera\u0107,  ni\u017c kl\u0119cz\u0105c na kolanach \u017cy\u0107\u2026\u201d"},"content":{"rendered":"<p>&nbsp;<\/p>\n<p>1 Marca obchodzimy Narodowy Dzie\u0144 Pami\u0119ci \u201e\u017bo\u0142nierzy Wykl\u0119tych\u201d po\u015bwi\u0119cony upami\u0119tnieniu \u017co\u0142nierzy podziemia antykomunistycznego i niepodleg\u0142o\u015bciowego.<\/p>\n<p>\u015awi\u0119to zosta\u0142o wprowadzone uchwa\u0142\u0105 Sejmu Rzeczypospolitej Polskiej w 2001 roku. W uchwale uznano zas\u0142ugi organizacji i grup niepodleg\u0142o\u015bciowych, kt\u00f3re po zako\u0144czeniu II wojny \u015bwiatowej zdecydowa\u0142y si\u0119 na podj\u0119cie nier\u00f3wnej walki o suwerenno\u015b\u0107 i niepodleg\u0142o\u015b\u0107 Polski, oddaj\u0105c w ten spos\u00f3b ho\u0142d poleg\u0142ym i pomordowanym oraz wszystkim wi\u0119zionym i prze\u015bladowanym cz\u0142onkom organizacji Wolno\u015b\u0107 i Niezawis\u0142o\u015b\u0107. By\u0142o to pierwsze tej rangi uhonorowanie \u017co\u0142nierzy zbrojnego podziemia antykomunistycznego.<\/p>\n<p>\u017bo\u0142nierze niez\u0142omni \u2013 \u017co\u0142nierze wykl\u0119ci, najwierniejsi obro\u0144cy Rzeczypospolitej, skazani na ha\u0144b\u0119, a p\u00f3\u017aniej na zapomnienie\u2026 . \u017bo\u0142nierze wykl\u0119ci to \u017co\u0142nierze powojennego podziemia, kt\u00f3rzy walczyli z re\u017cimem komunistycznym po II wojnie \u015bwiatowej w latach 1945 \u2013 1963, na terenie ca\u0142ej Polski.<\/p>\n<p>Jako szko\u0142a nosz\u0105ca imi\u0119 Armii Krajowej, czujemy szczeg\u00f3ln\u0105 wi\u0119\u017a z tymi, kt\u00f3rzy po 1945 roku kontynuowali walk\u0119 o woln\u0105 Polsk\u0119, cz\u0119sto wywodz\u0105c si\u0119 w\u0142a\u015bnie z szereg\u00f3w AK. Ich niez\u0142omna postawa i wierno\u015b\u0107 warto\u015bciom s\u0105 dla nas najwa\u017cniejsz\u0105 lekcj\u0105 patriotyzmu.<\/p>\n","protected":false},"excerpt":{"rendered":"<p>&nbsp; 1 Marca obchodzimy Narodowy Dzie\u0144 Pami\u0119ci \u201e\u017bo\u0142nierzy Wykl\u0119tych\u201d po\u015bwi\u0119cony upami\u0119tnieniu \u017co\u0142nierzy podziemia antykomunistycznego i niepodleg\u0142o\u015bciowego. \u015awi\u0119to zosta\u0142o wprowadzone uchwa\u0142\u0105 Sejmu Rzeczypospolitej Polskiej w 2001 [&hellip;]<\/p>\n","protected":false},"author":8,"featured_media":6879,"comment_status":"closed","ping_status":"closed","sticky":false,"template":"","format":"standard","meta":{"footnotes":"","_links_to":"","_links_to_target":""},"categories":[1],"tags":[],"class_list":["post-6878","post","type-post","status-publish","format-standard","has-post-thumbnail","hentry","category-bez-kategorii"],"_links":{"self":[{"href":"https:\/\/zst-skarzysko.pl\/index.php?rest_route=\/wp\/v2\/posts\/6878","targetHints":{"allow":["GET"]}}],"collection":[{"href":"https:\/\/zst-skarzysko.pl\/index.php?rest_route=\/wp\/v2\/posts"}],"about":[{"href":"https:\/\/zst-skarzysko.pl\/index.php?rest_route=\/wp\/v2\/types\/post"}],"author":[{"embeddable":true,"href":"https:\/\/zst-skarzysko.pl\/index.php?rest_route=\/wp\/v2\/users\/8"}],"replies":[{"embeddable":true,"href":"https:\/\/zst-skarzysko.pl\/index.php?rest_route=%2Fwp%2Fv2%2Fcomments&post=6878"}],"version-history":[{"count":1,"href":"https:\/\/zst-skarzysko.pl\/index.php?rest_route=\/wp\/v2\/posts\/6878\/revisions"}],"predecessor-version":[{"id":6880,"href":"https:\/\/zst-skarzysko.pl\/index.php?rest_route=\/wp\/v2\/posts\/6878\/revisions\/6880"}],"wp:featuredmedia":[{"embeddable":true,"href":"https:\/\/zst-skarzysko.pl\/index.php?rest_route=\/wp\/v2\/media\/6879"}],"wp:attachment":[{"href":"https:\/\/zst-skarzysko.pl\/index.php?rest_route=%2Fwp%2Fv2%2Fmedia&parent=6878"}],"wp:term":[{"taxonomy":"category","embeddable":true,"href":"https:\/\/zst-skarzysko.pl\/index.php?rest_route=%2Fwp%2Fv2%2Fcategories&post=6878"},{"taxonomy":"post_tag","embeddable":true,"href":"https:\/\/zst-skarzysko.pl\/index.php?rest_route=%2Fwp%2Fv2%2Ftags&post=6878"}],"curies":[{"name":"wp","href":"https:\/\/api.w.org\/{rel}","templated":true}]}}