{"id":6547,"date":"2025-12-18T13:22:46","date_gmt":"2025-12-18T12:22:46","guid":{"rendered":"https:\/\/zst-skarzysko.pl\/?p=6547"},"modified":"2025-12-18T13:22:46","modified_gmt":"2025-12-18T12:22:46","slug":"udzial-uczniow-klasy-iii-tb-w-szkoleniu-z-aranzacji-wnetrz","status":"publish","type":"post","link":"https:\/\/zst-skarzysko.pl\/?p=6547","title":{"rendered":"Udzia\u0142 uczni\u00f3w klasy III TB w szkoleniu z aran\u017cacji wn\u0119trz"},"content":{"rendered":"<p>W Zespole Szk\u00f3\u0142 Technicznych w Skar\u017cysku-Kamiennej odby\u0142o si\u0119 wyj\u0105tkowe szkolenie dla uczni\u00f3w klasy III TB i klasy IV TB, po\u015bwi\u0119cone tematyce aran\u017cacji wn\u0119trz. Spotkanie poprowadzi\u0142a pani Beata Kozar \u2013 ekspertka w dziedzinie projektowania przestrzeni, kt\u00f3ra podzieli\u0142a si\u0119 swoj\u0105 wiedz\u0105 i do\u015bwiadczeniem.<\/p>\n<p>Podczas szkolenia m\u0142odzie\u017c mia\u0142a okazj\u0119 pozna\u0107 najnowsze trendy w aran\u017cacji wn\u0119trz, zasady doboru kolor\u00f3w, materia\u0142\u00f3w oraz funkcjonalnego planowania pomieszcze\u0144. Uczniowie dowiedzieli si\u0119, jak \u0142\u0105czy\u0107 estetyk\u0119 z ergonomi\u0105, aby tworzy\u0107 przestrzenie przyjazne u\u017cytkownikom.<\/p>\n<p>Szkolenie mia\u0142o charakter praktyczny \u2013 uczestnicy analizowali przyk\u0142adowe projekty, poznawali narz\u0119dzia wykorzystywane w pracy projektanta oraz dyskutowali o tym, jak kreatywno\u015b\u0107 wp\u0142ywa na jako\u015b\u0107 projekt\u00f3w.<\/p>\n<p>Takie inicjatywy s\u0105 niezwykle wa\u017cne w procesie kszta\u0142cenia przysz\u0142ych technik\u00f3w budownictwa. Uczniowie podkre\u015blali, \u017ce szkolenie by\u0142o inspiruj\u0105ce i pozwoli\u0142o spojrze\u0107 na aran\u017cacj\u0119 wn\u0119trz z zupe\u0142nie nowej perspektywy.<\/p>\n<p>Dzi\u0119kujemy pani Beacie Kozar za profesjonalne i ciekawe zaj\u0119cia oraz zaanga\u017cowanie w rozw\u00f3j naszych uczni\u00f3w!<\/p>\n\n<!-- Buttons X - Start -->\n<style type=\"text\/css\" scoped>\/*1867-start*\/\n#btnsx-1867{margin-top:0px;margin-bottom:0px;margin-left:0px;margin-right:0px;padding-top:10px;padding-bottom:10px;padding-left:40px;padding-right:40px;}\n#btnsx-1867 .btnsx-text-primary{font-size:21px;line-height:21px;font-style:normal;color:#f7f7f7;padding-top:0px;padding-bottom:0px;padding-left:0px;padding-right:0px;}\n#btnsx-1867:hover .btnsx-text-primary{color:#777;}\n#btnsx-1867{background-color:#1e73be!important;}\n#btnsx-1867:hover{background-color:#2000f2!important;}\n#btnsx-1867{border-top-width:0px;border-bottom-width:0px;border-left-width:0px;border-right-width:0px;border-style:none;border-top-left-radius:0px;border-top-right-radius:0px;border-bottom-left-radius:0px;border-bottom-right-radius:0px;}\n#btnsx-1867:hover{border-top-width:0px;border-bottom-width:0px;border-left-width:0px;border-right-width:0px;border-style:none;border-top-left-radius:0px;border-top-right-radius:0px;border-bottom-left-radius:0px;border-bottom-right-radius:0px;}\n#btnsx-1867{-webkit-box-shadow:none;box-shadow:none;}\n#btnsx-1867:hover{-webkit-box-shadow:none;box-shadow:none;}\n\/*1867-end*\/\n<\/style>\n<a href=\"https:\/\/photos.app.goo.gl\/ibA2jBqhGDYk7hQK8\" id=\"btnsx-1867\" target=\"_blank\" class=\"btnsx-btn\" >\n\t<span class=\"btnsx-text-primary \">Zobacz album ze zdj\u0119ciami<\/span><\/a>\n\n<!-- Buttons X - End -->\n\n","protected":false},"excerpt":{"rendered":"<p>W Zespole Szk\u00f3\u0142 Technicznych w Skar\u017cysku-Kamiennej odby\u0142o si\u0119 wyj\u0105tkowe szkolenie dla uczni\u00f3w klasy III TB i klasy IV TB, po\u015bwi\u0119cone tematyce aran\u017cacji wn\u0119trz. Spotkanie poprowadzi\u0142a [&hellip;]<\/p>\n","protected":false},"author":8,"featured_media":6548,"comment_status":"closed","ping_status":"closed","sticky":false,"template":"","format":"standard","meta":{"footnotes":"","_links_to":"","_links_to_target":""},"categories":[1],"tags":[],"class_list":["post-6547","post","type-post","status-publish","format-standard","has-post-thumbnail","hentry","category-bez-kategorii"],"_links":{"self":[{"href":"https:\/\/zst-skarzysko.pl\/index.php?rest_route=\/wp\/v2\/posts\/6547","targetHints":{"allow":["GET"]}}],"collection":[{"href":"https:\/\/zst-skarzysko.pl\/index.php?rest_route=\/wp\/v2\/posts"}],"about":[{"href":"https:\/\/zst-skarzysko.pl\/index.php?rest_route=\/wp\/v2\/types\/post"}],"author":[{"embeddable":true,"href":"https:\/\/zst-skarzysko.pl\/index.php?rest_route=\/wp\/v2\/users\/8"}],"replies":[{"embeddable":true,"href":"https:\/\/zst-skarzysko.pl\/index.php?rest_route=%2Fwp%2Fv2%2Fcomments&post=6547"}],"version-history":[{"count":1,"href":"https:\/\/zst-skarzysko.pl\/index.php?rest_route=\/wp\/v2\/posts\/6547\/revisions"}],"predecessor-version":[{"id":6549,"href":"https:\/\/zst-skarzysko.pl\/index.php?rest_route=\/wp\/v2\/posts\/6547\/revisions\/6549"}],"wp:featuredmedia":[{"embeddable":true,"href":"https:\/\/zst-skarzysko.pl\/index.php?rest_route=\/wp\/v2\/media\/6548"}],"wp:attachment":[{"href":"https:\/\/zst-skarzysko.pl\/index.php?rest_route=%2Fwp%2Fv2%2Fmedia&parent=6547"}],"wp:term":[{"taxonomy":"category","embeddable":true,"href":"https:\/\/zst-skarzysko.pl\/index.php?rest_route=%2Fwp%2Fv2%2Fcategories&post=6547"},{"taxonomy":"post_tag","embeddable":true,"href":"https:\/\/zst-skarzysko.pl\/index.php?rest_route=%2Fwp%2Fv2%2Ftags&post=6547"}],"curies":[{"name":"wp","href":"https:\/\/api.w.org\/{rel}","templated":true}]}}