{"id":6503,"date":"2025-12-05T09:34:52","date_gmt":"2025-12-05T08:34:52","guid":{"rendered":"https:\/\/zst-skarzysko.pl\/?p=6503"},"modified":"2025-12-05T09:34:52","modified_gmt":"2025-12-05T08:34:52","slug":"swiatowy-dzien-aids","status":"publish","type":"post","link":"https:\/\/zst-skarzysko.pl\/?p=6503","title":{"rendered":"\u015awiatowy Dzie\u0144 AIDS"},"content":{"rendered":"<div dir=\"auto\"><\/div>\n<div id=\"x_ms-outlook-mobile-body-separator-line\" dir=\"auto\" data-applydefaultfontstyles=\"true\">\n<div dir=\"auto\">4 grudnia w Starostwie Powiatowym odby\u0142o si\u0119 spotkanie edukacyjne dla m\u0142odzie\u017cy z okazji \u015awiatowego Dnia AIDS, kt\u00f3ry obchodzimy 1 grudnia. Organizatorem by\u0142a\u00a0Powiatowa Stacja Sanitarno- Epidemiologiczna w Skar\u017cysku- Kamiennej. W spotkaniu<\/div>\n<div dir=\"auto\">uczestniczyli uczniowie naszej szko\u0142y z klasy 3Tp wraz z nauczycielem biologii p.Justyn\u0105 Fokt- Bodo. M\u0142odzie\u017c wys\u0142ucha\u0142a ciekawych wyk\u0142ad\u00f3w o zdrowiu, bezpiecze\u0144stwie i wzajemnym wsparciu. Pozna\u0142a najwa\u017cniejsze informacje dotycz\u0105ce HIV i AIDS oraz zagadnienia zwi\u0105zane z profilaktyk\u0105 uzale\u017cnie\u0144.<\/div>\n<div dir=\"auto\">\u015awiatowy Dzie\u0144 AIDS to moment, w kt\u00f3rym podkre\u015bla si\u0119 znaczenie edukacji i profilaktyki oraz stwarza okazj\u0119 w\u015br\u00f3d m\u0142odych ludzi do budowania rzetelnej wiedzy o tak wa\u017cnych kwestiach zdrowotnych.<\/div>\n<\/div>\n<div dir=\"auto\">\n\n<!-- Buttons X - Start -->\n<style type=\"text\/css\" scoped>\/*1867-start*\/\n#btnsx-1867{margin-top:0px;margin-bottom:0px;margin-left:0px;margin-right:0px;padding-top:10px;padding-bottom:10px;padding-left:40px;padding-right:40px;}\n#btnsx-1867 .btnsx-text-primary{font-size:21px;line-height:21px;font-style:normal;color:#f7f7f7;padding-top:0px;padding-bottom:0px;padding-left:0px;padding-right:0px;}\n#btnsx-1867:hover .btnsx-text-primary{color:#777;}\n#btnsx-1867{background-color:#1e73be!important;}\n#btnsx-1867:hover{background-color:#2000f2!important;}\n#btnsx-1867{border-top-width:0px;border-bottom-width:0px;border-left-width:0px;border-right-width:0px;border-style:none;border-top-left-radius:0px;border-top-right-radius:0px;border-bottom-left-radius:0px;border-bottom-right-radius:0px;}\n#btnsx-1867:hover{border-top-width:0px;border-bottom-width:0px;border-left-width:0px;border-right-width:0px;border-style:none;border-top-left-radius:0px;border-top-right-radius:0px;border-bottom-left-radius:0px;border-bottom-right-radius:0px;}\n#btnsx-1867{-webkit-box-shadow:none;box-shadow:none;}\n#btnsx-1867:hover{-webkit-box-shadow:none;box-shadow:none;}\n\/*1867-end*\/\n<\/style>\n<a href=\"https:\/\/photos.app.goo.gl\/ob5iJxRxVDkCKRbKA\" id=\"btnsx-1867\" target=\"_blank\" class=\"btnsx-btn\" >\n\t<span class=\"btnsx-text-primary \">Zobacz album ze zdj\u0119ciami<\/span><\/a>\n\n<!-- Buttons X - End -->\n\n<\/div>\n","protected":false},"excerpt":{"rendered":"<p>4 grudnia w Starostwie Powiatowym odby\u0142o si\u0119 spotkanie edukacyjne dla m\u0142odzie\u017cy z okazji \u015awiatowego Dnia AIDS, kt\u00f3ry obchodzimy 1 grudnia. Organizatorem by\u0142a\u00a0Powiatowa Stacja Sanitarno- Epidemiologiczna [&hellip;]<\/p>\n","protected":false},"author":8,"featured_media":6504,"comment_status":"closed","ping_status":"closed","sticky":false,"template":"","format":"standard","meta":{"footnotes":"","_links_to":"","_links_to_target":""},"categories":[1],"tags":[],"class_list":["post-6503","post","type-post","status-publish","format-standard","has-post-thumbnail","hentry","category-bez-kategorii"],"_links":{"self":[{"href":"https:\/\/zst-skarzysko.pl\/index.php?rest_route=\/wp\/v2\/posts\/6503","targetHints":{"allow":["GET"]}}],"collection":[{"href":"https:\/\/zst-skarzysko.pl\/index.php?rest_route=\/wp\/v2\/posts"}],"about":[{"href":"https:\/\/zst-skarzysko.pl\/index.php?rest_route=\/wp\/v2\/types\/post"}],"author":[{"embeddable":true,"href":"https:\/\/zst-skarzysko.pl\/index.php?rest_route=\/wp\/v2\/users\/8"}],"replies":[{"embeddable":true,"href":"https:\/\/zst-skarzysko.pl\/index.php?rest_route=%2Fwp%2Fv2%2Fcomments&post=6503"}],"version-history":[{"count":1,"href":"https:\/\/zst-skarzysko.pl\/index.php?rest_route=\/wp\/v2\/posts\/6503\/revisions"}],"predecessor-version":[{"id":6505,"href":"https:\/\/zst-skarzysko.pl\/index.php?rest_route=\/wp\/v2\/posts\/6503\/revisions\/6505"}],"wp:featuredmedia":[{"embeddable":true,"href":"https:\/\/zst-skarzysko.pl\/index.php?rest_route=\/wp\/v2\/media\/6504"}],"wp:attachment":[{"href":"https:\/\/zst-skarzysko.pl\/index.php?rest_route=%2Fwp%2Fv2%2Fmedia&parent=6503"}],"wp:term":[{"taxonomy":"category","embeddable":true,"href":"https:\/\/zst-skarzysko.pl\/index.php?rest_route=%2Fwp%2Fv2%2Fcategories&post=6503"},{"taxonomy":"post_tag","embeddable":true,"href":"https:\/\/zst-skarzysko.pl\/index.php?rest_route=%2Fwp%2Fv2%2Ftags&post=6503"}],"curies":[{"name":"wp","href":"https:\/\/api.w.org\/{rel}","templated":true}]}}