{"id":6432,"date":"2025-10-18T15:00:26","date_gmt":"2025-10-18T13:00:26","guid":{"rendered":"https:\/\/zst-skarzysko.pl\/?p=6432"},"modified":"2025-10-18T15:00:26","modified_gmt":"2025-10-18T13:00:26","slug":"erasmusowa-przygoda-w-skarzysku-kamiennej-swieto-wspolpracy-wiedzy-i-europejskich-wartosci","status":"publish","type":"post","link":"https:\/\/zst-skarzysko.pl\/?p=6432","title":{"rendered":"Erasmusowa Przygoda w Skar\u017cysku-Kamiennej \u2013 \u015bwi\u0119to wsp\u00f3\u0142pracy, wiedzy i europejskich warto\u015bci"},"content":{"rendered":"<p>&nbsp;<\/p>\n<p>17 pa\u017adziernika 2025 roku Zesp\u00f3\u0142 Szk\u00f3\u0142 Technicznych im. Armii Krajowej w Skar\u017cysku-Kamiennej \u2013 wieloletni beneficjent programu Erasmus+ \u2013 zorganizowa\u0142 wyj\u0105tkowe wydarzenie w ramach obchod\u00f3w Dni Erasmusa. Pod honorowym patronatem Wojewody \u015awi\u0119tokrzyskiego odby\u0142a si\u0119 gra miejska \u201eErasmusowa Przygoda\u201d, kt\u00f3ra po\u0142\u0105czy\u0142a edukacj\u0119, zabaw\u0119 i ducha europejskiej wsp\u00f3lnoty.<\/p>\n<p>W grze wzi\u0119\u0142o udzia\u0142 52 uczni\u00f3w z czterech szk\u00f3\u0142 \u015brednich: Zespo\u0142u Szk\u00f3\u0142 Technicznych, Zespo\u0142u Szk\u00f3\u0142 Ekonomicznych, Zespo\u0142u Szk\u00f3\u0142 Transportowo-Mechatronicznych oraz Zespo\u0142u Szk\u00f3\u0142 Samochodowo-Us\u0142ugowych w Skar\u017cysku-Kamiennej. Uczestnicy rywalizowali w zespo\u0142ach, przemierzaj\u0105c miasto i rozwi\u0105zuj\u0105c zadania na sze\u015bciu stacjach: w ZST, Centrum Kszta\u0142cenia Praktycznego, Miejskim Centrum Kultury, hali sportowej MCSiR, Pa\u0144stwowej Szkole Muzycznej oraz sali konferencyjnej starostwa powiatowego.<\/p>\n<p>Zadania przygotowane przez organizator\u00f3w dotyczy\u0142y m.in. warto\u015bci Unii Europejskiej, nauki j\u0119zyk\u00f3w obcych, kultury kraj\u00f3w europejskich, znajomo\u015bci stolic oraz wiedzy o UE. Gra wymaga\u0142a nie tylko wszechstronnej wiedzy, ale tak\u017ce umiej\u0119tno\u015bci pracy zespo\u0142owej, kreatywno\u015bci i dobrej organizacji.<\/p>\n<p>Po kilku godzinach intensywnych zmaga\u0144 wy\u0142oniono zwyci\u0119zc\u00f3w:<\/p>\n<p><strong>I miejsce<\/strong>:<br \/>\nZesp\u00f3\u0142 Szk\u00f3\u0142 Technicznych \u2013 Julia Jakubowska, Zuzanna Zaj\u0105czkowska, Nikodem Nizio\u0142ek, Pawe\u0142 Kaluga, Piotr Kaluga (klasa 3 Tp), opiekun: p. Izabela Skuza<\/p>\n<p><strong>II miejsce ex aequo<\/strong>:<\/p>\n<ul>\n<li>Zesp\u00f3\u0142 Szk\u00f3\u0142 Technicznych \u2013 Julia Bartosiewicz, Karina Szwed, Miko\u0142aj Lis (klasa V), opiekun: p. K. \u0141akomiec<\/li>\n<li>Zesp\u00f3\u0142 Szk\u00f3\u0142 Technicznych \u2013 Nikola Grzegorczyk, Mira Jedynak, Amelia Paj\u0105k, Micha\u0142 Bilski, Robert Zientarski (klasa II), opiekun: p. Mariola Zagajska<\/li>\n<li>Zesp\u00f3\u0142 Szk\u00f3\u0142 Transportowo-Mechatronicznych \u2013 Katarzyna Kobierska, Filip Matli\u0144ski, Miko\u0142aj Rafalski, Marcel Zdziech, Jakub Ogar (klasa IV), opiekun: p. Marzena Bracha<\/li>\n<\/ul>\n<p><strong>III miejsce<\/strong>:<br \/>\nZesp\u00f3\u0142 Szk\u00f3\u0142 Technicznych \u2013 Julia Tomczyk, Oliwier Warias, Karol Zych (klasa I), opiekun: p. Izabela Kuli\u0144ska<\/p>\n<p>Nagrody dla uczestnik\u00f3w ufundowali: Starostwo Powiatowe, Wojewoda \u015awi\u0119tokrzyski, Przedstawicielstwo Komisji Europejskiej w Polsce oraz wydawnictwo Lektor Klett.<\/p>\n<p>\u201eErasmusowa Przygoda\u201d by\u0142a nie tylko okazj\u0105 do integracji m\u0142odzie\u017cy i promocji programu Erasmus+, ale tak\u017ce dowodem na to, \u017ce nauka mo\u017ce by\u0107 fascynuj\u0105c\u0105 przygod\u0105. W Zespole Szk\u00f3\u0142 Technicznych Dni Erasmusa to ju\u017c tradycja \u2013 w tym roku po raz pierwszy w tak oryginalnej i anga\u017cuj\u0105cej formie.<\/p>\n\n<!-- Buttons X - Start -->\n<style type=\"text\/css\" scoped>\/*1867-start*\/\n#btnsx-1867{margin-top:0px;margin-bottom:0px;margin-left:0px;margin-right:0px;padding-top:10px;padding-bottom:10px;padding-left:40px;padding-right:40px;}\n#btnsx-1867 .btnsx-text-primary{font-size:21px;line-height:21px;font-style:normal;color:#f7f7f7;padding-top:0px;padding-bottom:0px;padding-left:0px;padding-right:0px;}\n#btnsx-1867:hover .btnsx-text-primary{color:#777;}\n#btnsx-1867{background-color:#1e73be!important;}\n#btnsx-1867:hover{background-color:#2000f2!important;}\n#btnsx-1867{border-top-width:0px;border-bottom-width:0px;border-left-width:0px;border-right-width:0px;border-style:none;border-top-left-radius:0px;border-top-right-radius:0px;border-bottom-left-radius:0px;border-bottom-right-radius:0px;}\n#btnsx-1867:hover{border-top-width:0px;border-bottom-width:0px;border-left-width:0px;border-right-width:0px;border-style:none;border-top-left-radius:0px;border-top-right-radius:0px;border-bottom-left-radius:0px;border-bottom-right-radius:0px;}\n#btnsx-1867{-webkit-box-shadow:none;box-shadow:none;}\n#btnsx-1867:hover{-webkit-box-shadow:none;box-shadow:none;}\n\/*1867-end*\/\n<\/style>\n<a href=\"https:\/\/photos.app.goo.gl\/Lju81erZBGkThVVi7\" id=\"btnsx-1867\" target=\"_blank\" class=\"btnsx-btn\" >\n\t<span class=\"btnsx-text-primary \">Zobacz album ze zdj\u0119ciami<\/span><\/a>\n\n<!-- Buttons X - End -->\n\n<p>&nbsp;<\/p>\n<p><iframe title=\"Erasmusowa Przygoda 2025\" width=\"563\" height=\"1000\" src=\"https:\/\/www.youtube.com\/embed\/TvbSfj6L2-s?feature=oembed\" frameborder=\"0\" allow=\"accelerometer; autoplay; clipboard-write; encrypted-media; gyroscope; picture-in-picture; web-share\" referrerpolicy=\"strict-origin-when-cross-origin\" allowfullscreen><\/iframe><\/p>\n","protected":false},"excerpt":{"rendered":"<p>&nbsp; 17 pa\u017adziernika 2025 roku Zesp\u00f3\u0142 Szk\u00f3\u0142 Technicznych im. Armii Krajowej w Skar\u017cysku-Kamiennej \u2013 wieloletni beneficjent programu Erasmus+ \u2013 zorganizowa\u0142 wyj\u0105tkowe wydarzenie w ramach obchod\u00f3w [&hellip;]<\/p>\n","protected":false},"author":8,"featured_media":6433,"comment_status":"closed","ping_status":"closed","sticky":false,"template":"","format":"standard","meta":{"footnotes":"","_links_to":"","_links_to_target":""},"categories":[1],"tags":[],"class_list":["post-6432","post","type-post","status-publish","format-standard","has-post-thumbnail","hentry","category-bez-kategorii"],"_links":{"self":[{"href":"https:\/\/zst-skarzysko.pl\/index.php?rest_route=\/wp\/v2\/posts\/6432","targetHints":{"allow":["GET"]}}],"collection":[{"href":"https:\/\/zst-skarzysko.pl\/index.php?rest_route=\/wp\/v2\/posts"}],"about":[{"href":"https:\/\/zst-skarzysko.pl\/index.php?rest_route=\/wp\/v2\/types\/post"}],"author":[{"embeddable":true,"href":"https:\/\/zst-skarzysko.pl\/index.php?rest_route=\/wp\/v2\/users\/8"}],"replies":[{"embeddable":true,"href":"https:\/\/zst-skarzysko.pl\/index.php?rest_route=%2Fwp%2Fv2%2Fcomments&post=6432"}],"version-history":[{"count":1,"href":"https:\/\/zst-skarzysko.pl\/index.php?rest_route=\/wp\/v2\/posts\/6432\/revisions"}],"predecessor-version":[{"id":6434,"href":"https:\/\/zst-skarzysko.pl\/index.php?rest_route=\/wp\/v2\/posts\/6432\/revisions\/6434"}],"wp:featuredmedia":[{"embeddable":true,"href":"https:\/\/zst-skarzysko.pl\/index.php?rest_route=\/wp\/v2\/media\/6433"}],"wp:attachment":[{"href":"https:\/\/zst-skarzysko.pl\/index.php?rest_route=%2Fwp%2Fv2%2Fmedia&parent=6432"}],"wp:term":[{"taxonomy":"category","embeddable":true,"href":"https:\/\/zst-skarzysko.pl\/index.php?rest_route=%2Fwp%2Fv2%2Fcategories&post=6432"},{"taxonomy":"post_tag","embeddable":true,"href":"https:\/\/zst-skarzysko.pl\/index.php?rest_route=%2Fwp%2Fv2%2Ftags&post=6432"}],"curies":[{"name":"wp","href":"https:\/\/api.w.org\/{rel}","templated":true}]}}