{"id":6380,"date":"2025-09-29T13:34:28","date_gmt":"2025-09-29T11:34:28","guid":{"rendered":"https:\/\/zst-skarzysko.pl\/?p=6380"},"modified":"2025-09-29T13:34:28","modified_gmt":"2025-09-29T11:34:28","slug":"marsz-rozowej-wstazeczki-2","status":"publish","type":"post","link":"https:\/\/zst-skarzysko.pl\/?p=6380","title":{"rendered":"MARSZ R\u00d3\u017bOWEJ WST\u0104\u017bECZKI"},"content":{"rendered":"<div dir=\"auto\"><span data-olk-copy-source=\"MessageBody\">26 wrze\u015bnia 2025 roku uczniowie klasy 2Tif razem z p. Justyn\u0105 Fokt-Bodo wzi\u0119li udzia\u0142 w XVI Marszu R\u00f3\u017cowej Wst\u0105\u017ceczki.<\/span><\/div>\n<div dir=\"auto\">Uczestnicy marszu \u2013 uczniowie, mieszka\u0144cy Skar\u017cyska, przedstawiciele w\u0142adz powiatowych o godz. 11.00 wyruszyli z Parkingu Hali Sportowej MCSiR i\u00a0udali si\u0119 na Plac Staffa, gdzie odby\u0142 si\u0119 piknik profilaktyczny.<br \/>\nAkcja mia\u0142a na celu przybli\u017cy\u0107 uczestnikom temat profilaktyki raka piersi oraz zach\u0119ci\u0107 do bada\u0144 profilaktycznych. By\u0142a mo\u017cliwo\u015b\u0107 skorzystania z wielu atrakcji oraz wykonania bezp\u0142atnych bada\u0144 \u2013 badanie poziomu cukru we krwi, badanie ci\u015bnienia, wykonanie mammografii, cytologii. Mo\u017cna by\u0142o r\u00f3wnie\u017c skorzysta\u0107 z profesjonalnego analizatora sk\u0142adu cia\u0142a. Na stoiskach medycznych mo\u017cna by\u0142o nauczy\u0107 si\u0119 na fantomach jak prawid\u0142owo wykona\u0107 samobadanie piersi oraz j\u0105der. Odby\u0142 si\u0119 r\u00f3wnie\u017c konkurs wiedzy z zakresu profilaktyki nowotworowej.<\/div>\n<div dir=\"auto\">Piknik u\u015bwietni\u0142y wyst\u0119py wokalne i taneczne, w wykonaniu dzieci i m\u0142odzie\u017cy.<\/div>\n<div dir=\"auto\"><\/div>\n<div dir=\"auto\">\n\n<!-- Buttons X - Start -->\n<style type=\"text\/css\" scoped>\/*1867-start*\/\n#btnsx-1867{margin-top:0px;margin-bottom:0px;margin-left:0px;margin-right:0px;padding-top:10px;padding-bottom:10px;padding-left:40px;padding-right:40px;}\n#btnsx-1867 .btnsx-text-primary{font-size:21px;line-height:21px;font-style:normal;color:#f7f7f7;padding-top:0px;padding-bottom:0px;padding-left:0px;padding-right:0px;}\n#btnsx-1867:hover .btnsx-text-primary{color:#777;}\n#btnsx-1867{background-color:#1e73be!important;}\n#btnsx-1867:hover{background-color:#2000f2!important;}\n#btnsx-1867{border-top-width:0px;border-bottom-width:0px;border-left-width:0px;border-right-width:0px;border-style:none;border-top-left-radius:0px;border-top-right-radius:0px;border-bottom-left-radius:0px;border-bottom-right-radius:0px;}\n#btnsx-1867:hover{border-top-width:0px;border-bottom-width:0px;border-left-width:0px;border-right-width:0px;border-style:none;border-top-left-radius:0px;border-top-right-radius:0px;border-bottom-left-radius:0px;border-bottom-right-radius:0px;}\n#btnsx-1867{-webkit-box-shadow:none;box-shadow:none;}\n#btnsx-1867:hover{-webkit-box-shadow:none;box-shadow:none;}\n\/*1867-end*\/\n<\/style>\n<a href=\"https:\/\/photos.app.goo.gl\/AYvQz8No2Acgfj8Y9\" id=\"btnsx-1867\" target=\"_blank\" class=\"btnsx-btn\" >\n\t<span class=\"btnsx-text-primary \">Zobacz album ze zdj\u0119ciami<\/span><\/a>\n\n<!-- Buttons X - End -->\n\n<\/div>\n","protected":false},"excerpt":{"rendered":"<p>26 wrze\u015bnia 2025 roku uczniowie klasy 2Tif razem z p. Justyn\u0105 Fokt-Bodo wzi\u0119li udzia\u0142 w XVI Marszu R\u00f3\u017cowej Wst\u0105\u017ceczki. Uczestnicy marszu \u2013 uczniowie, mieszka\u0144cy Skar\u017cyska, [&hellip;]<\/p>\n","protected":false},"author":8,"featured_media":6382,"comment_status":"closed","ping_status":"closed","sticky":false,"template":"","format":"standard","meta":{"footnotes":"","_links_to":"","_links_to_target":""},"categories":[1],"tags":[],"class_list":["post-6380","post","type-post","status-publish","format-standard","has-post-thumbnail","hentry","category-bez-kategorii"],"_links":{"self":[{"href":"https:\/\/zst-skarzysko.pl\/index.php?rest_route=\/wp\/v2\/posts\/6380","targetHints":{"allow":["GET"]}}],"collection":[{"href":"https:\/\/zst-skarzysko.pl\/index.php?rest_route=\/wp\/v2\/posts"}],"about":[{"href":"https:\/\/zst-skarzysko.pl\/index.php?rest_route=\/wp\/v2\/types\/post"}],"author":[{"embeddable":true,"href":"https:\/\/zst-skarzysko.pl\/index.php?rest_route=\/wp\/v2\/users\/8"}],"replies":[{"embeddable":true,"href":"https:\/\/zst-skarzysko.pl\/index.php?rest_route=%2Fwp%2Fv2%2Fcomments&post=6380"}],"version-history":[{"count":1,"href":"https:\/\/zst-skarzysko.pl\/index.php?rest_route=\/wp\/v2\/posts\/6380\/revisions"}],"predecessor-version":[{"id":6383,"href":"https:\/\/zst-skarzysko.pl\/index.php?rest_route=\/wp\/v2\/posts\/6380\/revisions\/6383"}],"wp:featuredmedia":[{"embeddable":true,"href":"https:\/\/zst-skarzysko.pl\/index.php?rest_route=\/wp\/v2\/media\/6382"}],"wp:attachment":[{"href":"https:\/\/zst-skarzysko.pl\/index.php?rest_route=%2Fwp%2Fv2%2Fmedia&parent=6380"}],"wp:term":[{"taxonomy":"category","embeddable":true,"href":"https:\/\/zst-skarzysko.pl\/index.php?rest_route=%2Fwp%2Fv2%2Fcategories&post=6380"},{"taxonomy":"post_tag","embeddable":true,"href":"https:\/\/zst-skarzysko.pl\/index.php?rest_route=%2Fwp%2Fv2%2Ftags&post=6380"}],"curies":[{"name":"wp","href":"https:\/\/api.w.org\/{rel}","templated":true}]}}