{"id":6254,"date":"2025-06-17T12:27:28","date_gmt":"2025-06-17T10:27:28","guid":{"rendered":"https:\/\/zst-skarzysko.pl\/?p=6254"},"modified":"2025-06-25T11:38:01","modified_gmt":"2025-06-25T09:38:01","slug":"dzien-jezykow-obcych-3","status":"publish","type":"post","link":"https:\/\/zst-skarzysko.pl\/?p=6254","title":{"rendered":"Dzie\u0144 J\u0119zyk\u00f3w Obcych"},"content":{"rendered":"<p>W \u015brod\u0119 11 czerwca 2025 r., Zesp\u00f3\u0142 Szk\u00f3\u0142 Technicznych zamieni\u0142 si\u0119 w prawdziwie mi\u0119dzynarodow\u0105 przestrze\u0144, w kt\u00f3rej kr\u00f3lowa\u0142y j\u0119zyki, kultura i dobra energia. Tego dnia obchodzili\u015bmy Dzie\u0144 J\u0119zyk\u00f3w Obcych \u2013 wyj\u0105tkowe wydarzenie, kt\u00f3re nie tylko promowa\u0142o nauk\u0119 j\u0119zyk\u00f3w, ale r\u00f3wnie\u017c pokaza\u0142o ich si\u0142\u0119 w budowaniu most\u00f3w mi\u0119dzy kulturami i narodami.<\/p>\n<p>Od samego rana uczniowie brali udzia\u0142 w konkursach, olimpiadach i quizach, kt\u00f3re pozwoli\u0142y im sprawdzi\u0107 swoje umiej\u0119tno\u015bci j\u0119zykowe oraz wiedz\u0119 o krajach angloj\u0119zycznych i niemieckoj\u0119zycznych. Emocjonuj\u0105ca rywalizacja, ciekawe pytania i solidna dawka pozytywnej energii towarzyszy\u0142y wszystkim uczestnikom przez ca\u0142y dzie\u0144.<\/p>\n<p>Obchody otworzy\u0142 kreatywny konkurs \u201eWrite an Amazing Story\u201d, kt\u00f3ry pobudzi\u0142 wyobra\u017ani\u0119 m\u0142odych autor\u00f3w. Uczniowie tworzyli oryginalne opowiadania w j\u0119zyku angielskim, zaskakuj\u0105c pomys\u0142owo\u015bci\u0105 i swobod\u0105 j\u0119zykow\u0105. Ich prace udowodni\u0142y, \u017ce nauka j\u0119zyka to nie tylko regu\u0142y gramatyczne \u2013 to spos\u00f3b wyra\u017cenia siebie, swoich my\u015bli i emocji.<\/p>\n<p>Wyj\u0105tkowym punktem programu by\u0142o czytanie literatury obcoj\u0119zycznej. Uczniowie wraz z nauczycielami zaprezentowali fragmenty utwor\u00f3w w j\u0119zyku angielskim, niemieckim, ukrai\u0144skim i hiszpa\u0144skim. Ka\u017cdy j\u0119zyk zabrzmia\u0142 inaczej \u2013 ni\u00f3s\u0142 inne emocje, inne skojarzenia, ale wsp\u00f3lnie stworzy\u0142y pi\u0119kny, wieloj\u0119zyczny pejza\u017c kulturowy. To spotkanie by\u0142o nie tylko ho\u0142dem dla literatury, ale te\u017c okazj\u0105 do odkrywania pi\u0119kna brzmienia j\u0119zyk\u00f3w, kt\u00f3re \u0142\u0105czy\u0142y wszystkich s\u0142uchaj\u0105cych.<\/p>\n<p>Dzie\u0144 J\u0119zyk\u00f3w Obcych by\u0142 nie tylko okazj\u0105 do sprawdzenia swoich umiej\u0119tno\u015bci, ale przede wszystkim inspiracj\u0105 do dalszej nauki i otwierania si\u0119 na \u015bwiat. Pokazali\u015bmy, \u017ce j\u0119zyki nie dziel\u0105 \u2013 one \u0142\u0105cz\u0105, pozwalaj\u0105 lepiej rozumie\u0107 innych i odnale\u017a\u0107 swoje miejsce w globalnej spo\u0142eczno\u015bci.<\/p>\n<p>Dzi\u0119kujemy wszystkim, kt\u00f3rzy wzi\u0119li udzia\u0142 i pomogli w organizacji tego wyj\u0105tkowego dnia. To dzi\u0119ki Wam Zesp\u00f3\u0142 Szk\u00f3\u0142 Technicznych m\u00f3wi\u0142 wieloma j\u0119zykami! &#8211; z dum\u0105 i pasj\u0105.<\/p>\n<p>Wyniki olimpiad i konkurs\u00f3w przedstawiaj\u0105 si\u0119 nast\u0119puj\u0105co:<\/p>\n<p><strong><u>Szkolna Olimpiada z J\u0119zyka Angielskiego<\/u><\/strong><\/p>\n<ol>\n<li>Jakub Grunt &#8211; klasa 2TP &#8211; 53\/60 pkt.<\/li>\n<li>Krystian Kwa\u015bniewski &#8211; klasa 3TP &#8211; 52\/60 pkt.<\/li>\n<li>Nikodem Nizio\u0142ek -klasa 2TP- 49\/60 pkt.<\/li>\n<\/ol>\n<p><strong><u>Szkolna Olimpiada z J\u0119zyka Niemieckiego<\/u><\/strong><\/p>\n<p>1. Maciej Kowalczyk &#8211; klasa 3TP &#8211; 65\/78 pkt.<\/p>\n<p>2. Marcel Wrona &#8211; klasa 3TI &#8211; 58\/78 pkt.<\/p>\n<p>3.Karina Kozerenko &#8211; klasa 3TP &#8211; 51\/78 pkt.<\/p>\n<p><strong><u>Konkurs Wiedzy o Krajach Niemieckoj\u0119zycznych<\/u><\/strong><\/p>\n<p>1. Maciej Kowalczyk, klasa 3TP 18\/30 pkt.<\/p>\n<p>2. Micha\u0142 Bilski, klasa 1TIF 15\/30 pkt.<\/p>\n<p>3. Dominik Pl\u0105sek, klasa 3TI 14\/30 pkt.<\/p>\n<p>3. Robert Zientarski, klasa 1TIF 14\/30 pkt.<\/p>\n<p><strong><u>Konkurs Wiedzy o Krajach Angloj\u0119zycznych<\/u><\/strong><\/p>\n<ol>\n<li>Kowalczyk Maciej &#8211; klasa 3TP &#8211; 26\/35 pkt.<\/li>\n<li>Nikodem Nizio\u0142ek klasa &#8211; 2TP &#8211; 25\/35 pkt.<\/li>\n<li>B\u0142a\u017cej Matla &#8211; klasa 2TIE &#8211; 23\/35 pkt.<\/li>\n<\/ol>\n<p><strong><u>Konkurs \u201eWrite an Amazing Story\u201d<\/u><\/strong><\/p>\n<ol>\n<li>Maciej Kowalczyk &#8211; klasa 3TP<\/li>\n<li>Marcel Wrona &#8211; klasa 3TI<\/li>\n<li>B\u0142a\u017cej Matla &#8211; 2TIE<\/li>\n<\/ol>\n<p>GRATULUJEMY!<\/p>\n<p>Zapraszamy do obejrzenia fotorelacji \u2013 niech zdj\u0119cia dopowiedz\u0105 to, co nie zosta\u0142o opisane.<\/p>\n\n<!-- Buttons X - Start -->\n<style type=\"text\/css\" scoped>\/*1867-start*\/\n#btnsx-1867{margin-top:0px;margin-bottom:0px;margin-left:0px;margin-right:0px;padding-top:10px;padding-bottom:10px;padding-left:40px;padding-right:40px;}\n#btnsx-1867 .btnsx-text-primary{font-size:21px;line-height:21px;font-style:normal;color:#f7f7f7;padding-top:0px;padding-bottom:0px;padding-left:0px;padding-right:0px;}\n#btnsx-1867:hover .btnsx-text-primary{color:#777;}\n#btnsx-1867{background-color:#1e73be!important;}\n#btnsx-1867:hover{background-color:#2000f2!important;}\n#btnsx-1867{border-top-width:0px;border-bottom-width:0px;border-left-width:0px;border-right-width:0px;border-style:none;border-top-left-radius:0px;border-top-right-radius:0px;border-bottom-left-radius:0px;border-bottom-right-radius:0px;}\n#btnsx-1867:hover{border-top-width:0px;border-bottom-width:0px;border-left-width:0px;border-right-width:0px;border-style:none;border-top-left-radius:0px;border-top-right-radius:0px;border-bottom-left-radius:0px;border-bottom-right-radius:0px;}\n#btnsx-1867{-webkit-box-shadow:none;box-shadow:none;}\n#btnsx-1867:hover{-webkit-box-shadow:none;box-shadow:none;}\n\/*1867-end*\/\n<\/style>\n<a href=\"https:\/\/photos.app.goo.gl\/4rCKaUS7CC9SAux9A\" id=\"btnsx-1867\" target=\"_blank\" class=\"btnsx-btn\" >\n\t<span class=\"btnsx-text-primary \">Zobacz album ze zdj\u0119ciami<\/span><\/a>\n\n<!-- Buttons X - End -->\n\n","protected":false},"excerpt":{"rendered":"<p>W \u015brod\u0119 11 czerwca 2025 r., Zesp\u00f3\u0142 Szk\u00f3\u0142 Technicznych zamieni\u0142 si\u0119 w prawdziwie mi\u0119dzynarodow\u0105 przestrze\u0144, w kt\u00f3rej kr\u00f3lowa\u0142y j\u0119zyki, kultura i dobra energia. Tego dnia [&hellip;]<\/p>\n","protected":false},"author":8,"featured_media":6255,"comment_status":"closed","ping_status":"closed","sticky":false,"template":"","format":"standard","meta":{"footnotes":"","_links_to":"","_links_to_target":""},"categories":[1],"tags":[],"class_list":["post-6254","post","type-post","status-publish","format-standard","has-post-thumbnail","hentry","category-bez-kategorii"],"_links":{"self":[{"href":"https:\/\/zst-skarzysko.pl\/index.php?rest_route=\/wp\/v2\/posts\/6254","targetHints":{"allow":["GET"]}}],"collection":[{"href":"https:\/\/zst-skarzysko.pl\/index.php?rest_route=\/wp\/v2\/posts"}],"about":[{"href":"https:\/\/zst-skarzysko.pl\/index.php?rest_route=\/wp\/v2\/types\/post"}],"author":[{"embeddable":true,"href":"https:\/\/zst-skarzysko.pl\/index.php?rest_route=\/wp\/v2\/users\/8"}],"replies":[{"embeddable":true,"href":"https:\/\/zst-skarzysko.pl\/index.php?rest_route=%2Fwp%2Fv2%2Fcomments&post=6254"}],"version-history":[{"count":2,"href":"https:\/\/zst-skarzysko.pl\/index.php?rest_route=\/wp\/v2\/posts\/6254\/revisions"}],"predecessor-version":[{"id":6279,"href":"https:\/\/zst-skarzysko.pl\/index.php?rest_route=\/wp\/v2\/posts\/6254\/revisions\/6279"}],"wp:featuredmedia":[{"embeddable":true,"href":"https:\/\/zst-skarzysko.pl\/index.php?rest_route=\/wp\/v2\/media\/6255"}],"wp:attachment":[{"href":"https:\/\/zst-skarzysko.pl\/index.php?rest_route=%2Fwp%2Fv2%2Fmedia&parent=6254"}],"wp:term":[{"taxonomy":"category","embeddable":true,"href":"https:\/\/zst-skarzysko.pl\/index.php?rest_route=%2Fwp%2Fv2%2Fcategories&post=6254"},{"taxonomy":"post_tag","embeddable":true,"href":"https:\/\/zst-skarzysko.pl\/index.php?rest_route=%2Fwp%2Fv2%2Ftags&post=6254"}],"curies":[{"name":"wp","href":"https:\/\/api.w.org\/{rel}","templated":true}]}}