{"id":6236,"date":"2025-06-03T19:55:59","date_gmt":"2025-06-03T17:55:59","guid":{"rendered":"https:\/\/zst-skarzysko.pl\/?p=6236"},"modified":"2025-06-03T20:00:27","modified_gmt":"2025-06-03T18:00:27","slug":"dzien-dziecka-w-zst","status":"publish","type":"post","link":"https:\/\/zst-skarzysko.pl\/?p=6236","title":{"rendered":"Dzie\u0144 Dziecka w Zespole Szk\u00f3\u0142 Technicznych"},"content":{"rendered":"<p>&nbsp;<\/p>\n<p>30 maja w Zespole Szk\u00f3\u0142 Technicznych obchodzili\u015bmy Dzie\u0144 Dziecka w wyj\u0105tkowy spos\u00f3b \u2013 z energi\u0105, u\u015bmiechem i mn\u00f3stwem atrakcji. Tego dnia szkolne boisko i dziedziniec t\u0119tni\u0142y \u017cyciem, a uczniowie mieli okazj\u0119 wsp\u00f3lnie \u015bwi\u0119towa\u0107, odpocz\u0105\u0107 i dobrze si\u0119 bawi\u0107.<\/p>\n<p>W programie znalaz\u0142y si\u0119 zawody sportowe oraz r\u00f3\u017cnorodne turnieje, kt\u00f3re przyci\u0105gn\u0119\u0142y wielu mi\u0142o\u015bnik\u00f3w aktywno\u015bci fizycznej i zdrowej rywalizacji. Ka\u017cdy uczestnik m\u00f3g\u0142 sprawdzi\u0107 swoje umiej\u0119tno\u015bci, a atmosfera by\u0142a pe\u0142na pozytywnej energii i \u015bmiechu.<\/p>\n<p>Na szkolnym dziedzi\u0144cu odby\u0142o si\u0119 r\u00f3wnie\u017c rysowanie kred\u0105 \u2013 kreatywne kompozycje ozdobi\u0142y asfalt, nadaj\u0105c przestrzeni wyj\u0105tkowego, artystycznego klimatu.<\/p>\n<p>Spor\u0105 popularno\u015bci\u0105 cieszy\u0142o si\u0119 tak\u017ce Studio Artystyczne, gdzie uczniowie mogli spr\u00f3bowa\u0107 swoich si\u0142 w dekorowaniu ciasteczek, tworzeniu bransoletek oraz nauce podstaw szyde\u0142kowania. To by\u0142a doskona\u0142a okazja do relaksu, wsp\u00f3lnej tw\u00f3rczo\u015bci i rozwijania zdolno\u015bci manualnych.<\/p>\n<p>Nie zabrak\u0142o te\u017c czego\u015b dla mi\u0142o\u015bnik\u00f3w dobrego jedzenia. Na wszystkich czeka\u0142 grill z pysznymi kie\u0142baskami i pieczywem \u2013 aromat unosz\u0105cy si\u0119 w powietrzu przyci\u0105ga\u0142 g\u0142odnych uczestnik\u00f3w, a wsp\u00f3lne jedzenie sprzyja\u0142o rozmowom i integracji. By\u0142o smacznie, swojsko i bardzo na luzie \u2013 dok\u0142adnie tak, jak przysta\u0142o na szkolne \u015bwi\u0119to.<\/p>\n<p>Dzie\u0144 Dziecka w ZST by\u0142 radosnym wydarzeniem, kt\u00f3re zintegrowa\u0142o spo\u0142eczno\u015b\u0107 szkoln\u0105 i pozwoli\u0142o na chwil\u0119 wytchnienia od codziennych obowi\u0105zk\u00f3w. Dzi\u0119kujemy wszystkim, kt\u00f3rzy zaanga\u017cowali si\u0119 w organizacj\u0119 tego dnia \u2013 nauczycielom i uczniom. Dzi\u0119ki Wam by\u0142 naprawd\u0119 wyj\u0105tkowy!<\/p>\n<p>Zapraszamy do obejrzenia fotorelacji z wydarzenia \u2013 u\u015bmiechy, kolory i wsp\u00f3lna zabawa m\u00f3wi\u0105 wi\u0119cej ni\u017c s\u0142owa!<\/p>\n\n<!-- Buttons X - Start -->\n<style type=\"text\/css\" scoped>\/*1867-start*\/\n#btnsx-1867{margin-top:0px;margin-bottom:0px;margin-left:0px;margin-right:0px;padding-top:10px;padding-bottom:10px;padding-left:40px;padding-right:40px;}\n#btnsx-1867 .btnsx-text-primary{font-size:21px;line-height:21px;font-style:normal;color:#f7f7f7;padding-top:0px;padding-bottom:0px;padding-left:0px;padding-right:0px;}\n#btnsx-1867:hover .btnsx-text-primary{color:#777;}\n#btnsx-1867{background-color:#1e73be!important;}\n#btnsx-1867:hover{background-color:#2000f2!important;}\n#btnsx-1867{border-top-width:0px;border-bottom-width:0px;border-left-width:0px;border-right-width:0px;border-style:none;border-top-left-radius:0px;border-top-right-radius:0px;border-bottom-left-radius:0px;border-bottom-right-radius:0px;}\n#btnsx-1867:hover{border-top-width:0px;border-bottom-width:0px;border-left-width:0px;border-right-width:0px;border-style:none;border-top-left-radius:0px;border-top-right-radius:0px;border-bottom-left-radius:0px;border-bottom-right-radius:0px;}\n#btnsx-1867{-webkit-box-shadow:none;box-shadow:none;}\n#btnsx-1867:hover{-webkit-box-shadow:none;box-shadow:none;}\n\/*1867-end*\/\n<\/style>\n<a href=\"https:\/\/photos.app.goo.gl\/K3k42j2k2sRPe4fYA\" id=\"btnsx-1867\" target=\"_blank\" class=\"btnsx-btn\" >\n\t<span class=\"btnsx-text-primary \">Zobacz album ze zdj\u0119ciami<\/span><\/a>\n\n<!-- Buttons X - End -->\n\n","protected":false},"excerpt":{"rendered":"<p>&nbsp; 30 maja w Zespole Szk\u00f3\u0142 Technicznych obchodzili\u015bmy Dzie\u0144 Dziecka w wyj\u0105tkowy spos\u00f3b \u2013 z energi\u0105, u\u015bmiechem i mn\u00f3stwem atrakcji. Tego dnia szkolne boisko i [&hellip;]<\/p>\n","protected":false},"author":8,"featured_media":6245,"comment_status":"closed","ping_status":"closed","sticky":false,"template":"","format":"standard","meta":{"footnotes":"","_links_to":"","_links_to_target":""},"categories":[1],"tags":[],"class_list":["post-6236","post","type-post","status-publish","format-standard","has-post-thumbnail","hentry","category-bez-kategorii"],"_links":{"self":[{"href":"https:\/\/zst-skarzysko.pl\/index.php?rest_route=\/wp\/v2\/posts\/6236","targetHints":{"allow":["GET"]}}],"collection":[{"href":"https:\/\/zst-skarzysko.pl\/index.php?rest_route=\/wp\/v2\/posts"}],"about":[{"href":"https:\/\/zst-skarzysko.pl\/index.php?rest_route=\/wp\/v2\/types\/post"}],"author":[{"embeddable":true,"href":"https:\/\/zst-skarzysko.pl\/index.php?rest_route=\/wp\/v2\/users\/8"}],"replies":[{"embeddable":true,"href":"https:\/\/zst-skarzysko.pl\/index.php?rest_route=%2Fwp%2Fv2%2Fcomments&post=6236"}],"version-history":[{"count":4,"href":"https:\/\/zst-skarzysko.pl\/index.php?rest_route=\/wp\/v2\/posts\/6236\/revisions"}],"predecessor-version":[{"id":6246,"href":"https:\/\/zst-skarzysko.pl\/index.php?rest_route=\/wp\/v2\/posts\/6236\/revisions\/6246"}],"wp:featuredmedia":[{"embeddable":true,"href":"https:\/\/zst-skarzysko.pl\/index.php?rest_route=\/wp\/v2\/media\/6245"}],"wp:attachment":[{"href":"https:\/\/zst-skarzysko.pl\/index.php?rest_route=%2Fwp%2Fv2%2Fmedia&parent=6236"}],"wp:term":[{"taxonomy":"category","embeddable":true,"href":"https:\/\/zst-skarzysko.pl\/index.php?rest_route=%2Fwp%2Fv2%2Fcategories&post=6236"},{"taxonomy":"post_tag","embeddable":true,"href":"https:\/\/zst-skarzysko.pl\/index.php?rest_route=%2Fwp%2Fv2%2Ftags&post=6236"}],"curies":[{"name":"wp","href":"https:\/\/api.w.org\/{rel}","templated":true}]}}