{"id":6171,"date":"2025-04-03T12:42:58","date_gmt":"2025-04-03T10:42:58","guid":{"rendered":"https:\/\/zst-skarzysko.pl\/?p=6171"},"modified":"2025-04-03T12:43:28","modified_gmt":"2025-04-03T10:43:28","slug":"blue-day","status":"publish","type":"post","link":"https:\/\/zst-skarzysko.pl\/?p=6171","title":{"rendered":"Blue Day"},"content":{"rendered":"<div>\n<p><span style=\"font-family: arial; font-size: 16px;\">W \u015brod\u0119 2 kwietnia 2025r. odby\u0142 si\u0119 czternasty niebieski marsz w ramach obchod\u00f3w \u015awiatowego Dnia \u015awiadomo\u015bci\u00a0 i Wiedzy na temat Autyzmu. Uczniowie klasy 1Tf razem z opiekunem p.Justyn\u0105 Fokt- Bodo oraz innymi uczestnikami marszu, ulicami miasta przeszli do Miejskiego Centrum Kultury. W MCK odby\u0142 si\u0119 wyst\u0119p muzyczno-taneczny. Podsumowano r\u00f3wnie\u017c konkurs plastyczno-techniczny \u201eNiebieskie motyle\u201d. Kr\u00f3tka prezentacja prac konkursowych nast\u0105pi\u0142a podczas fina\u0142u niebieskiego marszu. Uczennica naszej szko\u0142y z klasy 3Tf- Roksana Mazur znalaz\u0142a si\u0119 w gronie nagrodzonych. Otrzyma\u0142a nagrod\u0119 za prac\u0119 pt &#8222;Wolno\u015b\u0107&#8221;. Prace plastyczne, kt\u00f3re wp\u0142yn\u0119\u0142y na konkurs mo\u017cna by\u0142o zobaczy\u0107 na wystawie w Miejskim Centrum Kultury.<\/span><\/p>\n\n<!-- Buttons X - Start -->\n<style type=\"text\/css\" scoped>\/*1867-start*\/\n#btnsx-1867{margin-top:0px;margin-bottom:0px;margin-left:0px;margin-right:0px;padding-top:10px;padding-bottom:10px;padding-left:40px;padding-right:40px;}\n#btnsx-1867 .btnsx-text-primary{font-size:21px;line-height:21px;font-style:normal;color:#f7f7f7;padding-top:0px;padding-bottom:0px;padding-left:0px;padding-right:0px;}\n#btnsx-1867:hover .btnsx-text-primary{color:#777;}\n#btnsx-1867{background-color:#1e73be!important;}\n#btnsx-1867:hover{background-color:#2000f2!important;}\n#btnsx-1867{border-top-width:0px;border-bottom-width:0px;border-left-width:0px;border-right-width:0px;border-style:none;border-top-left-radius:0px;border-top-right-radius:0px;border-bottom-left-radius:0px;border-bottom-right-radius:0px;}\n#btnsx-1867:hover{border-top-width:0px;border-bottom-width:0px;border-left-width:0px;border-right-width:0px;border-style:none;border-top-left-radius:0px;border-top-right-radius:0px;border-bottom-left-radius:0px;border-bottom-right-radius:0px;}\n#btnsx-1867{-webkit-box-shadow:none;box-shadow:none;}\n#btnsx-1867:hover{-webkit-box-shadow:none;box-shadow:none;}\n\/*1867-end*\/\n<\/style>\n<a href=\"https:\/\/photos.app.goo.gl\/kHg76moVZuAD9WdR8\" id=\"btnsx-1867\" target=\"_blank\" class=\"btnsx-btn\" >\n\t<span class=\"btnsx-text-primary \">Zobacz album ze zdj\u0119ciami<\/span><\/a>\n\n<!-- Buttons X - End -->\n\n<\/div>\n","protected":false},"excerpt":{"rendered":"<p>W \u015brod\u0119 2 kwietnia 2025r. odby\u0142 si\u0119 czternasty niebieski marsz w ramach obchod\u00f3w \u015awiatowego Dnia \u015awiadomo\u015bci\u00a0 i Wiedzy na temat Autyzmu. Uczniowie klasy 1Tf razem [&hellip;]<\/p>\n","protected":false},"author":8,"featured_media":6172,"comment_status":"closed","ping_status":"closed","sticky":false,"template":"","format":"standard","meta":{"footnotes":"","_links_to":"","_links_to_target":""},"categories":[1],"tags":[],"class_list":["post-6171","post","type-post","status-publish","format-standard","has-post-thumbnail","hentry","category-bez-kategorii"],"_links":{"self":[{"href":"https:\/\/zst-skarzysko.pl\/index.php?rest_route=\/wp\/v2\/posts\/6171","targetHints":{"allow":["GET"]}}],"collection":[{"href":"https:\/\/zst-skarzysko.pl\/index.php?rest_route=\/wp\/v2\/posts"}],"about":[{"href":"https:\/\/zst-skarzysko.pl\/index.php?rest_route=\/wp\/v2\/types\/post"}],"author":[{"embeddable":true,"href":"https:\/\/zst-skarzysko.pl\/index.php?rest_route=\/wp\/v2\/users\/8"}],"replies":[{"embeddable":true,"href":"https:\/\/zst-skarzysko.pl\/index.php?rest_route=%2Fwp%2Fv2%2Fcomments&post=6171"}],"version-history":[{"count":2,"href":"https:\/\/zst-skarzysko.pl\/index.php?rest_route=\/wp\/v2\/posts\/6171\/revisions"}],"predecessor-version":[{"id":6174,"href":"https:\/\/zst-skarzysko.pl\/index.php?rest_route=\/wp\/v2\/posts\/6171\/revisions\/6174"}],"wp:featuredmedia":[{"embeddable":true,"href":"https:\/\/zst-skarzysko.pl\/index.php?rest_route=\/wp\/v2\/media\/6172"}],"wp:attachment":[{"href":"https:\/\/zst-skarzysko.pl\/index.php?rest_route=%2Fwp%2Fv2%2Fmedia&parent=6171"}],"wp:term":[{"taxonomy":"category","embeddable":true,"href":"https:\/\/zst-skarzysko.pl\/index.php?rest_route=%2Fwp%2Fv2%2Fcategories&post=6171"},{"taxonomy":"post_tag","embeddable":true,"href":"https:\/\/zst-skarzysko.pl\/index.php?rest_route=%2Fwp%2Fv2%2Ftags&post=6171"}],"curies":[{"name":"wp","href":"https:\/\/api.w.org\/{rel}","templated":true}]}}