{"id":6087,"date":"2025-02-18T08:44:04","date_gmt":"2025-02-18T07:44:04","guid":{"rendered":"https:\/\/zst-skarzysko.pl\/?p=6087"},"modified":"2025-02-18T08:44:04","modified_gmt":"2025-02-18T07:44:04","slug":"85-rocznica-egzekucji-na-borze-09-02-2025","status":"publish","type":"post","link":"https:\/\/zst-skarzysko.pl\/?p=6087","title":{"rendered":"85 Rocznica Egzekucji na Borze &#8211; 09.02.2025"},"content":{"rendered":"<p>W dniu 9 lutego 2025 roku nauczyciele i uczniowie reprezentuj\u0105cy nasz\u0105 Szko\u0142\u0119 wzi\u0119li udzia\u0142 w uroczysto\u015bciach upami\u0119tniaj\u0105cych ofiary egzekucji na Borze.<\/p>\n<p>Z r\u0105k niemieckich oprawc\u00f3w zgin\u0119\u0142o w dniach 12-14 lutego 1940 roku blisko 360 zatrzymanych harcerzy, nauczycieli, kolejarzy, dzia\u0142aczy spo\u0142ecznych i ojc\u00f3w franciszkan\u00f3w, kt\u00f3rzy zostali rozstrzelani w lesie przy osiedlu B\u00f3r.<\/p>\n<p>Cze\u015b\u0107 ich pami\u0119ci!<\/p>\n\n<!-- Buttons X - Start -->\n<style type=\"text\/css\" scoped>\/*1867-start*\/\n#btnsx-1867{margin-top:0px;margin-bottom:0px;margin-left:0px;margin-right:0px;padding-top:10px;padding-bottom:10px;padding-left:40px;padding-right:40px;}\n#btnsx-1867 .btnsx-text-primary{font-size:21px;line-height:21px;font-style:normal;color:#f7f7f7;padding-top:0px;padding-bottom:0px;padding-left:0px;padding-right:0px;}\n#btnsx-1867:hover .btnsx-text-primary{color:#777;}\n#btnsx-1867{background-color:#1e73be!important;}\n#btnsx-1867:hover{background-color:#2000f2!important;}\n#btnsx-1867{border-top-width:0px;border-bottom-width:0px;border-left-width:0px;border-right-width:0px;border-style:none;border-top-left-radius:0px;border-top-right-radius:0px;border-bottom-left-radius:0px;border-bottom-right-radius:0px;}\n#btnsx-1867:hover{border-top-width:0px;border-bottom-width:0px;border-left-width:0px;border-right-width:0px;border-style:none;border-top-left-radius:0px;border-top-right-radius:0px;border-bottom-left-radius:0px;border-bottom-right-radius:0px;}\n#btnsx-1867{-webkit-box-shadow:none;box-shadow:none;}\n#btnsx-1867:hover{-webkit-box-shadow:none;box-shadow:none;}\n\/*1867-end*\/\n<\/style>\n<a href=\"https:\/\/photos.app.goo.gl\/m9uoDbeb88KR7kop9\" id=\"btnsx-1867\" target=\"_blank\" class=\"btnsx-btn\" >\n\t<span class=\"btnsx-text-primary \">Zobacz album ze zdj\u0119ciami<\/span><\/a>\n\n<!-- Buttons X - End -->\n\n","protected":false},"excerpt":{"rendered":"<p>W dniu 9 lutego 2025 roku nauczyciele i uczniowie reprezentuj\u0105cy nasz\u0105 Szko\u0142\u0119 wzi\u0119li udzia\u0142 w uroczysto\u015bciach upami\u0119tniaj\u0105cych ofiary egzekucji na Borze. Z r\u0105k niemieckich oprawc\u00f3w [&hellip;]<\/p>\n","protected":false},"author":8,"featured_media":6088,"comment_status":"closed","ping_status":"closed","sticky":false,"template":"","format":"standard","meta":{"footnotes":"","_links_to":"","_links_to_target":""},"categories":[1],"tags":[],"class_list":["post-6087","post","type-post","status-publish","format-standard","has-post-thumbnail","hentry","category-bez-kategorii"],"_links":{"self":[{"href":"https:\/\/zst-skarzysko.pl\/index.php?rest_route=\/wp\/v2\/posts\/6087","targetHints":{"allow":["GET"]}}],"collection":[{"href":"https:\/\/zst-skarzysko.pl\/index.php?rest_route=\/wp\/v2\/posts"}],"about":[{"href":"https:\/\/zst-skarzysko.pl\/index.php?rest_route=\/wp\/v2\/types\/post"}],"author":[{"embeddable":true,"href":"https:\/\/zst-skarzysko.pl\/index.php?rest_route=\/wp\/v2\/users\/8"}],"replies":[{"embeddable":true,"href":"https:\/\/zst-skarzysko.pl\/index.php?rest_route=%2Fwp%2Fv2%2Fcomments&post=6087"}],"version-history":[{"count":1,"href":"https:\/\/zst-skarzysko.pl\/index.php?rest_route=\/wp\/v2\/posts\/6087\/revisions"}],"predecessor-version":[{"id":6089,"href":"https:\/\/zst-skarzysko.pl\/index.php?rest_route=\/wp\/v2\/posts\/6087\/revisions\/6089"}],"wp:featuredmedia":[{"embeddable":true,"href":"https:\/\/zst-skarzysko.pl\/index.php?rest_route=\/wp\/v2\/media\/6088"}],"wp:attachment":[{"href":"https:\/\/zst-skarzysko.pl\/index.php?rest_route=%2Fwp%2Fv2%2Fmedia&parent=6087"}],"wp:term":[{"taxonomy":"category","embeddable":true,"href":"https:\/\/zst-skarzysko.pl\/index.php?rest_route=%2Fwp%2Fv2%2Fcategories&post=6087"},{"taxonomy":"post_tag","embeddable":true,"href":"https:\/\/zst-skarzysko.pl\/index.php?rest_route=%2Fwp%2Fv2%2Ftags&post=6087"}],"curies":[{"name":"wp","href":"https:\/\/api.w.org\/{rel}","templated":true}]}}