{"id":5668,"date":"2024-06-05T13:54:53","date_gmt":"2024-06-05T11:54:53","guid":{"rendered":"https:\/\/zst-skarzysko.pl\/?p=5668"},"modified":"2024-06-05T13:54:53","modified_gmt":"2024-06-05T11:54:53","slug":"uczniowie-elektryka-w-hiszpanii","status":"publish","type":"post","link":"https:\/\/zst-skarzysko.pl\/?p=5668","title":{"rendered":"UCZNIOWIE ELEKTRYKA W HISZPANII"},"content":{"rendered":"<p>Odnawialne \u017ar\u00f3d\u0142a energii to przysz\u0142o\u015b\u0107, oczywista dla ka\u017cdego wsp\u00f3\u0142czesnego cz\u0142owieka. Uczniowie Zespo\u0142u Szk\u00f3\u0142 Technicznych kszta\u0142c\u0105cy si\u0119 w zawodzie technik elektryk w\u0142a\u015bnie zako\u0144czyli praktyki zawodowe w Grenadzie, w Hiszpanii. Podczas dw\u00f3ch tygodni zaj\u0119\u0107 mieli okazj\u0119 do poszerzenia swoich kompetencji i rozwoju praktycznych umiej\u0119tno\u015bci zwi\u0105zanych z\u00a0OZE. Praktykanci wykonywali projekty i instalowali pompy ciep\u0142a oraz montowali panele fotowoltaiczne, uczestniczyli tak\u017ce w naprawie istniej\u0105cych instalacji, a tak\u017ce odbywali wizyty studyjne w lokalnych firmach specjalizuj\u0105cych si\u0119 w energetyce odnawialnej. Warto podkre\u015bli\u0107, \u017ce ten kierunek rozwoju praktyk zagranicznych zapewnianych przez szko\u0142\u0119 doskonale uzupe\u0142nia ofert\u0119 edukacyjn\u0105 kszta\u0142cenia w\u00a0zawodzie technik elektryk.<\/p>\n<p>Udzia\u0142 w sta\u017cu jest tak\u017ce okazj\u0105 do poznawania Europy, poszerzania w\u0142asnych horyzont\u00f3w kulturowych i rozwoju osobistego. W\u00a0ramach programu kulturowego praktykanci poznawali kultur\u0119 Andaluzji &#8211; flamenco!, podziwiali pi\u0119kno Grenady, w tym ba\u015bniow\u0105 Alhambr\u0119, a przede wszystkim poznawali kultur\u0119 i\u00a0codzienne \u017cycie Hiszpanii. Nie brak\u0142o r\u00f3wnie\u017c czasu na morskie k\u0105piele i poznawanie lokalnej kuchni.<\/p>\n<p>Wyjazd na zagraniczne praktyki to sta\u0142y element kszta\u0142cenia w Zespole Szk\u00f3\u0142 Technicznych \u2013 ka\u017cdy ucze\u0144 ma szanse wzi\u0105\u0107 w nich udzia\u0142 i wyjecha\u0107 na dwutygodniowy sta\u017c. W ramach Akredytacji Erasmusa, kt\u00f3r\u0105 szko\u0142a realizowa\u0107 b\u0119dzie przez najbli\u017csze kilka lat, na zawodowe sta\u017ce w Europie wyjedzie ponad 140 uczni\u00f3w we wszystkich zawodach, w kt\u00f3rych kszta\u0142ci szko\u0142a.<\/p>\n<p>&nbsp;<\/p>\n\n<!-- Buttons X - Start -->\n<style type=\"text\/css\" scoped>\/*1867-start*\/\n#btnsx-1867{margin-top:0px;margin-bottom:0px;margin-left:0px;margin-right:0px;padding-top:10px;padding-bottom:10px;padding-left:40px;padding-right:40px;}\n#btnsx-1867 .btnsx-text-primary{font-size:21px;line-height:21px;font-style:normal;color:#f7f7f7;padding-top:0px;padding-bottom:0px;padding-left:0px;padding-right:0px;}\n#btnsx-1867:hover .btnsx-text-primary{color:#777;}\n#btnsx-1867{background-color:#1e73be!important;}\n#btnsx-1867:hover{background-color:#2000f2!important;}\n#btnsx-1867{border-top-width:0px;border-bottom-width:0px;border-left-width:0px;border-right-width:0px;border-style:none;border-top-left-radius:0px;border-top-right-radius:0px;border-bottom-left-radius:0px;border-bottom-right-radius:0px;}\n#btnsx-1867:hover{border-top-width:0px;border-bottom-width:0px;border-left-width:0px;border-right-width:0px;border-style:none;border-top-left-radius:0px;border-top-right-radius:0px;border-bottom-left-radius:0px;border-bottom-right-radius:0px;}\n#btnsx-1867{-webkit-box-shadow:none;box-shadow:none;}\n#btnsx-1867:hover{-webkit-box-shadow:none;box-shadow:none;}\n\/*1867-end*\/\n<\/style>\n<a href=\"https:\/\/photos.app.goo.gl\/JzSnV83XqPXu5Gor5\" id=\"btnsx-1867\" target=\"_blank\" class=\"btnsx-btn\" >\n\t<span class=\"btnsx-text-primary \">Zobacz album ze zdj\u0119ciami<\/span><\/a>\n\n<!-- Buttons X - End -->\n\n","protected":false},"excerpt":{"rendered":"<p>Odnawialne \u017ar\u00f3d\u0142a energii to przysz\u0142o\u015b\u0107, oczywista dla ka\u017cdego wsp\u00f3\u0142czesnego cz\u0142owieka. Uczniowie Zespo\u0142u Szk\u00f3\u0142 Technicznych kszta\u0142c\u0105cy si\u0119 w zawodzie technik elektryk w\u0142a\u015bnie zako\u0144czyli praktyki zawodowe w [&hellip;]<\/p>\n","protected":false},"author":8,"featured_media":5670,"comment_status":"closed","ping_status":"closed","sticky":false,"template":"","format":"standard","meta":{"footnotes":"","_links_to":"","_links_to_target":""},"categories":[1],"tags":[],"class_list":["post-5668","post","type-post","status-publish","format-standard","has-post-thumbnail","hentry","category-bez-kategorii"],"_links":{"self":[{"href":"https:\/\/zst-skarzysko.pl\/index.php?rest_route=\/wp\/v2\/posts\/5668","targetHints":{"allow":["GET"]}}],"collection":[{"href":"https:\/\/zst-skarzysko.pl\/index.php?rest_route=\/wp\/v2\/posts"}],"about":[{"href":"https:\/\/zst-skarzysko.pl\/index.php?rest_route=\/wp\/v2\/types\/post"}],"author":[{"embeddable":true,"href":"https:\/\/zst-skarzysko.pl\/index.php?rest_route=\/wp\/v2\/users\/8"}],"replies":[{"embeddable":true,"href":"https:\/\/zst-skarzysko.pl\/index.php?rest_route=%2Fwp%2Fv2%2Fcomments&post=5668"}],"version-history":[{"count":2,"href":"https:\/\/zst-skarzysko.pl\/index.php?rest_route=\/wp\/v2\/posts\/5668\/revisions"}],"predecessor-version":[{"id":5671,"href":"https:\/\/zst-skarzysko.pl\/index.php?rest_route=\/wp\/v2\/posts\/5668\/revisions\/5671"}],"wp:featuredmedia":[{"embeddable":true,"href":"https:\/\/zst-skarzysko.pl\/index.php?rest_route=\/wp\/v2\/media\/5670"}],"wp:attachment":[{"href":"https:\/\/zst-skarzysko.pl\/index.php?rest_route=%2Fwp%2Fv2%2Fmedia&parent=5668"}],"wp:term":[{"taxonomy":"category","embeddable":true,"href":"https:\/\/zst-skarzysko.pl\/index.php?rest_route=%2Fwp%2Fv2%2Fcategories&post=5668"},{"taxonomy":"post_tag","embeddable":true,"href":"https:\/\/zst-skarzysko.pl\/index.php?rest_route=%2Fwp%2Fv2%2Ftags&post=5668"}],"curies":[{"name":"wp","href":"https:\/\/api.w.org\/{rel}","templated":true}]}}