{"id":5643,"date":"2024-05-14T12:05:02","date_gmt":"2024-05-14T10:05:02","guid":{"rendered":"https:\/\/zst-skarzysko.pl\/?p=5643"},"modified":"2024-05-14T12:05:02","modified_gmt":"2024-05-14T10:05:02","slug":"praktyki-w-wiedniu","status":"publish","type":"post","link":"https:\/\/zst-skarzysko.pl\/?p=5643","title":{"rendered":"Praktyki w Wiedniu"},"content":{"rendered":"<p>Zesp\u00f3\u0142 Szk\u00f3\u0142 Technicznych jest od wielu lat beneficjentem programu Erasmus+ &#8211; na zagraniczne praktyki zawodowe wyjecha\u0142o ju\u017c ponad 700 uczni\u00f3w szko\u0142y na przestrzeni ostatnich siedemnastu lat. W\u00a0zesz\u0142ym roku szkole przyznano Akredytacj\u0119 Erasmusa na lata 2023-2027, co oznacza, \u017ce ZST stworzy\u0142 plan realizacji wysokiej jako\u015bci dzia\u0142a\u0144 w\u00a0zakresie mobilno\u015bci uczni\u00f3w wpisuj\u0105cych si\u0119 w rozw\u00f3j szko\u0142y, a szko\u0142a stale podnosi jako\u015b\u0107 kszta\u0142cenia. Oznacza to, \u017ce kolejni uczniowie \u2013 obecni i przyszli \u2013 \u00a0b\u0119d\u0105 mogli zdobywa\u0107 do\u015bwiadczenie zawodowe za granic\u0105.<\/p>\n<p>W kwietniu w ramach przyznanej Akredytacji grupa 13 uczni\u00f3w sp\u0119dzi\u0142a w Wiedniu w\u00a0Austrii dwa tygodnie. Sze\u015bciu technik\u00f3w informatyk\u00f3w i siedmiu technik\u00f3w programist\u00f3w pracowa\u0142o w austriackich firmach, ucz\u0105c si\u0119, jak naprawia\u0107 sprz\u0119t komputerowy i elektroniczny, jak programowa\u0107, ale tak\u017ce jak funkcjonuje przedsi\u0119biorstwo i zagraniczny rynek pracy oraz jak nawi\u0105zywa\u0107 kontakty biznesowe. Zagraniczny sta\u017c by\u0142 tak\u017ce doskona\u0142\u0105 okazj\u0105 do doskonalenia umiej\u0119tno\u015bci j\u0119zykowych \u2013 zar\u00f3wno w j\u0119zyku niemieckim, jak i angielskim, kt\u00f3rych uczniowie ucz\u0105 si\u0119 ju\u017c od wielu lat.<\/p>\n<p>W wolnym czasie uczniowie zwiedzali pi\u0119kn\u0105 stolic\u0119 Austrii i jej zabytki \u2013 Pa\u0142ac Sch\u00f6nbrunn, Hofburg \u2013 rezydencj\u0119 Habsburg\u00f3w, muzea \u2013 Muzeum Historii Naturalnej, Muzeum Techniki, liczne galerie ze \u015bwiatowej s\u0142awy dzie\u0142ami malarstwa Klimta, Moneta i Picassa oraz wzg\u00f3rze Kahlenberg, kt\u00f3rego historia zwi\u0105zana jest z\u00a0polskim kr\u00f3lem Janem Sobieskim dowodz\u0105cym odsiecz\u0105 wiede\u0144sk\u0105.<\/p>\n<p>&nbsp;<\/p>\n\n<!-- Buttons X - Start -->\n<style type=\"text\/css\" scoped>\/*1867-start*\/\n#btnsx-1867{margin-top:0px;margin-bottom:0px;margin-left:0px;margin-right:0px;padding-top:10px;padding-bottom:10px;padding-left:40px;padding-right:40px;}\n#btnsx-1867 .btnsx-text-primary{font-size:21px;line-height:21px;font-style:normal;color:#f7f7f7;padding-top:0px;padding-bottom:0px;padding-left:0px;padding-right:0px;}\n#btnsx-1867:hover .btnsx-text-primary{color:#777;}\n#btnsx-1867{background-color:#1e73be!important;}\n#btnsx-1867:hover{background-color:#2000f2!important;}\n#btnsx-1867{border-top-width:0px;border-bottom-width:0px;border-left-width:0px;border-right-width:0px;border-style:none;border-top-left-radius:0px;border-top-right-radius:0px;border-bottom-left-radius:0px;border-bottom-right-radius:0px;}\n#btnsx-1867:hover{border-top-width:0px;border-bottom-width:0px;border-left-width:0px;border-right-width:0px;border-style:none;border-top-left-radius:0px;border-top-right-radius:0px;border-bottom-left-radius:0px;border-bottom-right-radius:0px;}\n#btnsx-1867{-webkit-box-shadow:none;box-shadow:none;}\n#btnsx-1867:hover{-webkit-box-shadow:none;box-shadow:none;}\n\/*1867-end*\/\n<\/style>\n<a href=\"https:\/\/photos.app.goo.gl\/VPyoTLGMHmt9jvJw6\" id=\"btnsx-1867\" target=\"_blank\" class=\"btnsx-btn\" >\n\t<span class=\"btnsx-text-primary \">Zobacz album ze zdj\u0119ciami<\/span><\/a>\n\n<!-- Buttons X - End -->\n\n","protected":false},"excerpt":{"rendered":"<p>Zesp\u00f3\u0142 Szk\u00f3\u0142 Technicznych jest od wielu lat beneficjentem programu Erasmus+ &#8211; na zagraniczne praktyki zawodowe wyjecha\u0142o ju\u017c ponad 700 uczni\u00f3w szko\u0142y na przestrzeni ostatnich siedemnastu [&hellip;]<\/p>\n","protected":false},"author":8,"featured_media":5644,"comment_status":"closed","ping_status":"closed","sticky":false,"template":"","format":"standard","meta":{"footnotes":"","_links_to":"","_links_to_target":""},"categories":[1],"tags":[],"class_list":["post-5643","post","type-post","status-publish","format-standard","has-post-thumbnail","hentry","category-bez-kategorii"],"_links":{"self":[{"href":"https:\/\/zst-skarzysko.pl\/index.php?rest_route=\/wp\/v2\/posts\/5643","targetHints":{"allow":["GET"]}}],"collection":[{"href":"https:\/\/zst-skarzysko.pl\/index.php?rest_route=\/wp\/v2\/posts"}],"about":[{"href":"https:\/\/zst-skarzysko.pl\/index.php?rest_route=\/wp\/v2\/types\/post"}],"author":[{"embeddable":true,"href":"https:\/\/zst-skarzysko.pl\/index.php?rest_route=\/wp\/v2\/users\/8"}],"replies":[{"embeddable":true,"href":"https:\/\/zst-skarzysko.pl\/index.php?rest_route=%2Fwp%2Fv2%2Fcomments&post=5643"}],"version-history":[{"count":1,"href":"https:\/\/zst-skarzysko.pl\/index.php?rest_route=\/wp\/v2\/posts\/5643\/revisions"}],"predecessor-version":[{"id":5645,"href":"https:\/\/zst-skarzysko.pl\/index.php?rest_route=\/wp\/v2\/posts\/5643\/revisions\/5645"}],"wp:featuredmedia":[{"embeddable":true,"href":"https:\/\/zst-skarzysko.pl\/index.php?rest_route=\/wp\/v2\/media\/5644"}],"wp:attachment":[{"href":"https:\/\/zst-skarzysko.pl\/index.php?rest_route=%2Fwp%2Fv2%2Fmedia&parent=5643"}],"wp:term":[{"taxonomy":"category","embeddable":true,"href":"https:\/\/zst-skarzysko.pl\/index.php?rest_route=%2Fwp%2Fv2%2Fcategories&post=5643"},{"taxonomy":"post_tag","embeddable":true,"href":"https:\/\/zst-skarzysko.pl\/index.php?rest_route=%2Fwp%2Fv2%2Ftags&post=5643"}],"curies":[{"name":"wp","href":"https:\/\/api.w.org\/{rel}","templated":true}]}}