{"id":5572,"date":"2024-04-09T11:50:22","date_gmt":"2024-04-09T09:50:22","guid":{"rendered":"https:\/\/zst-skarzysko.pl\/?p=5572"},"modified":"2024-04-09T11:50:22","modified_gmt":"2024-04-09T09:50:22","slug":"xiii-blue-day-na-niebiesko-dla-autyzmu","status":"publish","type":"post","link":"https:\/\/zst-skarzysko.pl\/?p=5572","title":{"rendered":"XIII Blue Day \u2013 Na niebiesko dla Autyzmu"},"content":{"rendered":"<div class=\"x_elementToProof\"><\/div>\n<div>2 kwietnia na ca\u0142ym \u015bwiecie obchodzono \u015awiatowy Dzie\u0144 \u015awiadomo\u015bci Autyzmu. Z tej okazji w Skar\u017cysku &#8211; Kamiennej w czwartek 4 kwietnia 2024r. odby\u0142 si\u0119 Niebieski Marsz. Uczniowie klasy 2Tf i 1Tf razem z opiekunem p.Justyn\u0105 Fokt- Bodo oraz innymi uczestnikami marszu spotkali si\u0119 przy Specjalnym O\u015brodku Szkolno- Wychowawczym nr 2 w Skar\u017cysku- Kamiennej i ulicami miasta przeszli do Miejskiego Centrum Kultury.<\/div>\n<div class=\"x_elementToProof\">Po zako\u0144czeniu marszu w MCK dla zaproszonych go\u015bci wyst\u0105pili podopieczni i uczniowie SOSW nr 2. Podsumowano r\u00f3wnie\u017c konkurs \u201eAutyzm \u015bwiat, kt\u00f3ry warto pozna\u0107 bli\u017cej- czyli jak pracowa\u0107 z osob\u0105 autystyczn\u0105\u201d. Jego celem by\u0142o upowszechnianie idei wolontariatu poprzez mo\u017cliwo\u015b\u0107 przeprowadzenia zaj\u0119\u0107 z dzie\u0107mi ze spektrum autyzmu. Na zako\u0144czenie wys\u0142uchano kilku utwor\u00f3w w wykonaniu m\u0142odzie\u017cy ze Skar\u017cyska- Kamiennej.<\/div>\n","protected":false},"excerpt":{"rendered":"<p>2 kwietnia na ca\u0142ym \u015bwiecie obchodzono \u015awiatowy Dzie\u0144 \u015awiadomo\u015bci Autyzmu. Z tej okazji w Skar\u017cysku &#8211; Kamiennej w czwartek 4 kwietnia 2024r. odby\u0142 si\u0119 Niebieski [&hellip;]<\/p>\n","protected":false},"author":8,"featured_media":5574,"comment_status":"closed","ping_status":"closed","sticky":false,"template":"","format":"standard","meta":{"footnotes":"","_links_to":"","_links_to_target":""},"categories":[1],"tags":[],"class_list":["post-5572","post","type-post","status-publish","format-standard","has-post-thumbnail","hentry","category-bez-kategorii"],"_links":{"self":[{"href":"https:\/\/zst-skarzysko.pl\/index.php?rest_route=\/wp\/v2\/posts\/5572","targetHints":{"allow":["GET"]}}],"collection":[{"href":"https:\/\/zst-skarzysko.pl\/index.php?rest_route=\/wp\/v2\/posts"}],"about":[{"href":"https:\/\/zst-skarzysko.pl\/index.php?rest_route=\/wp\/v2\/types\/post"}],"author":[{"embeddable":true,"href":"https:\/\/zst-skarzysko.pl\/index.php?rest_route=\/wp\/v2\/users\/8"}],"replies":[{"embeddable":true,"href":"https:\/\/zst-skarzysko.pl\/index.php?rest_route=%2Fwp%2Fv2%2Fcomments&post=5572"}],"version-history":[{"count":1,"href":"https:\/\/zst-skarzysko.pl\/index.php?rest_route=\/wp\/v2\/posts\/5572\/revisions"}],"predecessor-version":[{"id":5575,"href":"https:\/\/zst-skarzysko.pl\/index.php?rest_route=\/wp\/v2\/posts\/5572\/revisions\/5575"}],"wp:featuredmedia":[{"embeddable":true,"href":"https:\/\/zst-skarzysko.pl\/index.php?rest_route=\/wp\/v2\/media\/5574"}],"wp:attachment":[{"href":"https:\/\/zst-skarzysko.pl\/index.php?rest_route=%2Fwp%2Fv2%2Fmedia&parent=5572"}],"wp:term":[{"taxonomy":"category","embeddable":true,"href":"https:\/\/zst-skarzysko.pl\/index.php?rest_route=%2Fwp%2Fv2%2Fcategories&post=5572"},{"taxonomy":"post_tag","embeddable":true,"href":"https:\/\/zst-skarzysko.pl\/index.php?rest_route=%2Fwp%2Fv2%2Ftags&post=5572"}],"curies":[{"name":"wp","href":"https:\/\/api.w.org\/{rel}","templated":true}]}}