{"id":5492,"date":"2024-03-27T10:05:38","date_gmt":"2024-03-27T09:05:38","guid":{"rendered":"https:\/\/zst-skarzysko.pl\/?p=5492"},"modified":"2024-08-27T10:56:57","modified_gmt":"2024-08-27T08:56:57","slug":"elektryk-stawia-na-slonce","status":"publish","type":"post","link":"https:\/\/zst-skarzysko.pl\/?p=5492","title":{"rendered":"\u201eElektryk\u201d stawia na s\u0142o\u0144ce"},"content":{"rendered":"<p><img fetchpriority=\"high\" decoding=\"async\" class=\"aligncenter  wp-image-5766\" src=\"https:\/\/zst-skarzysko.pl\/wp-content\/uploads\/2023\/11\/Loga-projekt-1-300x169.jpg\" alt=\"\" width=\"678\" height=\"382\" srcset=\"https:\/\/zst-skarzysko.pl\/wp-content\/uploads\/2023\/11\/Loga-projekt-1-300x169.jpg 300w, https:\/\/zst-skarzysko.pl\/wp-content\/uploads\/2023\/11\/Loga-projekt-1-1024x578.jpg 1024w, https:\/\/zst-skarzysko.pl\/wp-content\/uploads\/2023\/11\/Loga-projekt-1-768x434.jpg 768w, https:\/\/zst-skarzysko.pl\/wp-content\/uploads\/2023\/11\/Loga-projekt-1-1536x867.jpg 1536w, https:\/\/zst-skarzysko.pl\/wp-content\/uploads\/2023\/11\/Loga-projekt-1.jpg 1679w\" sizes=\"(max-width: 678px) 100vw, 678px\" \/><\/p>\n<p>We wtorek 26 marca w Zespole Szk\u00f3\u0142 Technicznych w Skar\u017cysku-Kamiennej odby\u0142a si\u0119 konferencja podsumowuj\u0105ca projekt \u201ePostaw na s\u0142o\u0144ce\u201d realizowany przez Fundacj\u0119 Banku Ochrony \u015arodowiska.<\/p>\n<p>W czasie trwania projektu uczniowie klas elektrycznych zdobywali wiedz\u0119 i umiej\u0119tno\u015bci zwi\u0105zane z energi\u0105 odnawialn\u0105.<\/p>\n<p>W ramach dzia\u0142a\u0144 projektowych uczniowie uczestniczyli w wycieczce do firmy Celsium, brali udzia\u0142 w spotkaniu online z ekspertem OZE panem Marcinem Poznaniem, zatrudnionym w Polskiej Grupie Energetycznej S.A. Uczestniczyli w warsztatach zwi\u0105zanych z OZE przeprowadzonych przez nauczyciela ZST pana Paw\u0142a Kartasi\u0144skiego. W ramach projektu zosta\u0142y okre\u015blone potrzeby energetyczne naszej szko\u0142y i stworzono kalkulacj\u0119 instalacji fotowoltaicznej budynku. Przygotowano r\u00f3wnie\u017c materia\u0142y w formie prezentacji, artyku\u0142\u00f3w i plakat\u00f3w, do wykorzystania podczas zaj\u0119\u0107 lekcyjnych z OZE.<\/p>\n<p>Konferencja pozwoli\u0142a na podzielenie si\u0119 zdobyt\u0105 wiedz\u0105 ze spo\u0142eczno\u015bci\u0105 szkoln\u0105.<\/p>\n<p>\u201ePostaw na s\u0142o\u0144ce\u201d jest to\u00a0 kolejny projekt z zakresu Odnawialnych \u0179r\u00f3de\u0142 Energii realizowany przez Zesp\u00f3\u0142 Szk\u00f3\u0142 Technicznych w Skar\u017cysku-Kamiennej.<\/p>\n\n<!-- Buttons X - Start -->\n<style type=\"text\/css\" scoped>\/*1867-start*\/\n#btnsx-1867{margin-top:0px;margin-bottom:0px;margin-left:0px;margin-right:0px;padding-top:10px;padding-bottom:10px;padding-left:40px;padding-right:40px;}\n#btnsx-1867 .btnsx-text-primary{font-size:21px;line-height:21px;font-style:normal;color:#f7f7f7;padding-top:0px;padding-bottom:0px;padding-left:0px;padding-right:0px;}\n#btnsx-1867:hover .btnsx-text-primary{color:#777;}\n#btnsx-1867{background-color:#1e73be!important;}\n#btnsx-1867:hover{background-color:#2000f2!important;}\n#btnsx-1867{border-top-width:0px;border-bottom-width:0px;border-left-width:0px;border-right-width:0px;border-style:none;border-top-left-radius:0px;border-top-right-radius:0px;border-bottom-left-radius:0px;border-bottom-right-radius:0px;}\n#btnsx-1867:hover{border-top-width:0px;border-bottom-width:0px;border-left-width:0px;border-right-width:0px;border-style:none;border-top-left-radius:0px;border-top-right-radius:0px;border-bottom-left-radius:0px;border-bottom-right-radius:0px;}\n#btnsx-1867{-webkit-box-shadow:none;box-shadow:none;}\n#btnsx-1867:hover{-webkit-box-shadow:none;box-shadow:none;}\n\/*1867-end*\/\n<\/style>\n<a href=\"https:\/\/photos.app.goo.gl\/e2cCsSv6kim56fqR9\" id=\"btnsx-1867\" target=\"_blank\" class=\"btnsx-btn\" >\n\t<span class=\"btnsx-text-primary \">Zobacz album ze zdj\u0119ciami<\/span><\/a>\n\n<!-- Buttons X - End -->\n\n<p><img decoding=\"async\" class=\"aligncenter  wp-image-5767\" src=\"https:\/\/zst-skarzysko.pl\/wp-content\/uploads\/2023\/11\/informacja-o-pochodzeniu-300x163.jpg\" alt=\"\" width=\"745\" height=\"405\" srcset=\"https:\/\/zst-skarzysko.pl\/wp-content\/uploads\/2023\/11\/informacja-o-pochodzeniu-300x163.jpg 300w, https:\/\/zst-skarzysko.pl\/wp-content\/uploads\/2023\/11\/informacja-o-pochodzeniu-1024x557.jpg 1024w, https:\/\/zst-skarzysko.pl\/wp-content\/uploads\/2023\/11\/informacja-o-pochodzeniu-768x418.jpg 768w, https:\/\/zst-skarzysko.pl\/wp-content\/uploads\/2023\/11\/informacja-o-pochodzeniu-1536x836.jpg 1536w, https:\/\/zst-skarzysko.pl\/wp-content\/uploads\/2023\/11\/informacja-o-pochodzeniu.jpg 1654w\" sizes=\"(max-width: 745px) 100vw, 745px\" \/><\/p>\n<p>&nbsp;<\/p>\n","protected":false},"excerpt":{"rendered":"<p>We wtorek 26 marca w Zespole Szk\u00f3\u0142 Technicznych w Skar\u017cysku-Kamiennej odby\u0142a si\u0119 konferencja podsumowuj\u0105ca projekt \u201ePostaw na s\u0142o\u0144ce\u201d realizowany przez Fundacj\u0119 Banku Ochrony \u015arodowiska. W [&hellip;]<\/p>\n","protected":false},"author":8,"featured_media":5493,"comment_status":"closed","ping_status":"closed","sticky":false,"template":"","format":"standard","meta":{"footnotes":"","_links_to":"","_links_to_target":""},"categories":[1],"tags":[],"class_list":["post-5492","post","type-post","status-publish","format-standard","has-post-thumbnail","hentry","category-bez-kategorii"],"_links":{"self":[{"href":"https:\/\/zst-skarzysko.pl\/index.php?rest_route=\/wp\/v2\/posts\/5492","targetHints":{"allow":["GET"]}}],"collection":[{"href":"https:\/\/zst-skarzysko.pl\/index.php?rest_route=\/wp\/v2\/posts"}],"about":[{"href":"https:\/\/zst-skarzysko.pl\/index.php?rest_route=\/wp\/v2\/types\/post"}],"author":[{"embeddable":true,"href":"https:\/\/zst-skarzysko.pl\/index.php?rest_route=\/wp\/v2\/users\/8"}],"replies":[{"embeddable":true,"href":"https:\/\/zst-skarzysko.pl\/index.php?rest_route=%2Fwp%2Fv2%2Fcomments&post=5492"}],"version-history":[{"count":3,"href":"https:\/\/zst-skarzysko.pl\/index.php?rest_route=\/wp\/v2\/posts\/5492\/revisions"}],"predecessor-version":[{"id":5771,"href":"https:\/\/zst-skarzysko.pl\/index.php?rest_route=\/wp\/v2\/posts\/5492\/revisions\/5771"}],"wp:featuredmedia":[{"embeddable":true,"href":"https:\/\/zst-skarzysko.pl\/index.php?rest_route=\/wp\/v2\/media\/5493"}],"wp:attachment":[{"href":"https:\/\/zst-skarzysko.pl\/index.php?rest_route=%2Fwp%2Fv2%2Fmedia&parent=5492"}],"wp:term":[{"taxonomy":"category","embeddable":true,"href":"https:\/\/zst-skarzysko.pl\/index.php?rest_route=%2Fwp%2Fv2%2Fcategories&post=5492"},{"taxonomy":"post_tag","embeddable":true,"href":"https:\/\/zst-skarzysko.pl\/index.php?rest_route=%2Fwp%2Fv2%2Ftags&post=5492"}],"curies":[{"name":"wp","href":"https:\/\/api.w.org\/{rel}","templated":true}]}}