{"id":5487,"date":"2024-03-26T11:18:06","date_gmt":"2024-03-26T10:18:06","guid":{"rendered":"https:\/\/zst-skarzysko.pl\/?p=5487"},"modified":"2024-03-26T11:18:06","modified_gmt":"2024-03-26T10:18:06","slug":"wycieczka-do-krakowa","status":"publish","type":"post","link":"https:\/\/zst-skarzysko.pl\/?p=5487","title":{"rendered":"Wycieczka do Krakowa"},"content":{"rendered":"<p>Dnia 20 marca 2024 roku uczniowie klas I-III o profilu technik fotografii i multimedi\u00f3w wraz z wychowawcami klas: Joann\u0105 Pielewsk\u0105, Justyn\u0105 Fokt-Bodo i nauczycielami przedmiot\u00f3w zawodowych: Andrzejem Sitkiewiczem, Zbigniewem Sitkiewiczem, uczestniczyli w wycieczce do Krakowa. W jej trakcie\u00a0uczniowie zwiedzili Muzeum Fotografii \u201eMuFo\u201d.\u00a0Wzi\u0119li udzia\u0142 w warsztatach na wystawie g\u0142\u00f3wnej \u201eCo robi zdj\u0119cie? \u201d. Poznali techniki fotograficzne oraz wynalazki, kt\u00f3re przyczyni\u0142y si\u0119 do rozwoju fotografii. Przekonali si\u0119, jak fotografia wp\u0142yn\u0119\u0142a na histori\u0119, \u017cycie codzienne oraz jak oddzia\u0142uje na tera\u017aniejszo\u015b\u0107. Ca\u0142a wystawa, sk\u0142ada si\u0119 z oko\u0142o 1000 muzeali\u00f3w s\u0105 m.in. odbitki i albumy fotograficzne, szklane klisze, negatywy oraz sprz\u0119t fotograficzny. Nast\u0119pnie uczestnicy wycieczki zobaczyli wystaw\u0119 Van Gogha, zachwycaj\u0105c\u0105 nowoczesno\u015bci\u0105 formy. W specjalnie zaaran\u017cowanej przestrzeni ekspozycyjnej, mo\u017cna by\u0142o zobaczy\u0107 setki dzie\u0142 i dos\u0142ownie zanurzy\u0107 si\u0119 w \u015bwiecie obraz\u00f3w. Niezwyk\u0142ym dodatkiem do tej wystawy by\u0142y okulary wirtualnej rzeczywisto\u015bci (VR), kt\u00f3re pozwoli\u0142y na fascynuj\u0105c\u0105 podr\u00f3\u017c, wnikaj\u0105c g\u0142\u0119boko w najbardziej rozpoznawalne dzie\u0142a malarza. Ca\u0142o\u015b\u0107 dodatkowo zosta\u0142a wzbogacona nastrojow\u0105, odpowiednio dobran\u0105 muzyk\u0105 oraz g\u0142osem lektora. Ostatnim etapem wycieczki by\u0142o zwiedzanie urokliwego starego miasta i historycznych zabytk\u00f3w Krakowa, gdzie architektura i atmosfera miejsca stanowi\u0142y doskona\u0142e motywy fotograficzne. \u00a0By\u0142a to r\u00f3wnie\u017c doskona\u0142a okazja do integracji uczni\u00f3w i wzmocnienia wi\u0119zi kole\u017ce\u0144skich.<\/p>\n\n<!-- Buttons X - Start -->\n<style type=\"text\/css\" scoped>\/*1867-start*\/\n#btnsx-1867{margin-top:0px;margin-bottom:0px;margin-left:0px;margin-right:0px;padding-top:10px;padding-bottom:10px;padding-left:40px;padding-right:40px;}\n#btnsx-1867 .btnsx-text-primary{font-size:21px;line-height:21px;font-style:normal;color:#f7f7f7;padding-top:0px;padding-bottom:0px;padding-left:0px;padding-right:0px;}\n#btnsx-1867:hover .btnsx-text-primary{color:#777;}\n#btnsx-1867{background-color:#1e73be!important;}\n#btnsx-1867:hover{background-color:#2000f2!important;}\n#btnsx-1867{border-top-width:0px;border-bottom-width:0px;border-left-width:0px;border-right-width:0px;border-style:none;border-top-left-radius:0px;border-top-right-radius:0px;border-bottom-left-radius:0px;border-bottom-right-radius:0px;}\n#btnsx-1867:hover{border-top-width:0px;border-bottom-width:0px;border-left-width:0px;border-right-width:0px;border-style:none;border-top-left-radius:0px;border-top-right-radius:0px;border-bottom-left-radius:0px;border-bottom-right-radius:0px;}\n#btnsx-1867{-webkit-box-shadow:none;box-shadow:none;}\n#btnsx-1867:hover{-webkit-box-shadow:none;box-shadow:none;}\n\/*1867-end*\/\n<\/style>\n<a href=\"https:\/\/photos.app.goo.gl\/kmTQMHh74dNEH8gC7\" id=\"btnsx-1867\" target=\"_blank\" class=\"btnsx-btn\" >\n\t<span class=\"btnsx-text-primary \">Zobacz album ze zdj\u0119ciami<\/span><\/a>\n\n<!-- Buttons X - End -->\n\n<p><iframe title=\"Krak\u00f3w 2024\" width=\"1200\" height=\"675\" src=\"https:\/\/www.youtube.com\/embed\/kOq5Kqrjgak?feature=oembed\" frameborder=\"0\" allow=\"accelerometer; autoplay; clipboard-write; encrypted-media; gyroscope; picture-in-picture; web-share\" referrerpolicy=\"strict-origin-when-cross-origin\" allowfullscreen><\/iframe><\/p>\n","protected":false},"excerpt":{"rendered":"<p>Dnia 20 marca 2024 roku uczniowie klas I-III o profilu technik fotografii i multimedi\u00f3w wraz z wychowawcami klas: Joann\u0105 Pielewsk\u0105, Justyn\u0105 Fokt-Bodo i nauczycielami przedmiot\u00f3w [&hellip;]<\/p>\n","protected":false},"author":8,"featured_media":5488,"comment_status":"closed","ping_status":"closed","sticky":false,"template":"","format":"standard","meta":{"footnotes":"","_links_to":"","_links_to_target":""},"categories":[1],"tags":[],"class_list":["post-5487","post","type-post","status-publish","format-standard","has-post-thumbnail","hentry","category-bez-kategorii"],"_links":{"self":[{"href":"https:\/\/zst-skarzysko.pl\/index.php?rest_route=\/wp\/v2\/posts\/5487","targetHints":{"allow":["GET"]}}],"collection":[{"href":"https:\/\/zst-skarzysko.pl\/index.php?rest_route=\/wp\/v2\/posts"}],"about":[{"href":"https:\/\/zst-skarzysko.pl\/index.php?rest_route=\/wp\/v2\/types\/post"}],"author":[{"embeddable":true,"href":"https:\/\/zst-skarzysko.pl\/index.php?rest_route=\/wp\/v2\/users\/8"}],"replies":[{"embeddable":true,"href":"https:\/\/zst-skarzysko.pl\/index.php?rest_route=%2Fwp%2Fv2%2Fcomments&post=5487"}],"version-history":[{"count":2,"href":"https:\/\/zst-skarzysko.pl\/index.php?rest_route=\/wp\/v2\/posts\/5487\/revisions"}],"predecessor-version":[{"id":5490,"href":"https:\/\/zst-skarzysko.pl\/index.php?rest_route=\/wp\/v2\/posts\/5487\/revisions\/5490"}],"wp:featuredmedia":[{"embeddable":true,"href":"https:\/\/zst-skarzysko.pl\/index.php?rest_route=\/wp\/v2\/media\/5488"}],"wp:attachment":[{"href":"https:\/\/zst-skarzysko.pl\/index.php?rest_route=%2Fwp%2Fv2%2Fmedia&parent=5487"}],"wp:term":[{"taxonomy":"category","embeddable":true,"href":"https:\/\/zst-skarzysko.pl\/index.php?rest_route=%2Fwp%2Fv2%2Fcategories&post=5487"},{"taxonomy":"post_tag","embeddable":true,"href":"https:\/\/zst-skarzysko.pl\/index.php?rest_route=%2Fwp%2Fv2%2Ftags&post=5487"}],"curies":[{"name":"wp","href":"https:\/\/api.w.org\/{rel}","templated":true}]}}