{"id":5273,"date":"2024-01-05T12:30:31","date_gmt":"2024-01-05T11:30:31","guid":{"rendered":"http:\/\/zst-skarzysko.pl\/?p=5273"},"modified":"2024-01-12T12:50:01","modified_gmt":"2024-01-12T11:50:01","slug":"niech-koledy-i-pastoralki-wprowadza-nas-w-magie-swiat-w-nastroj-zyczliwosci-i-radosci","status":"publish","type":"post","link":"https:\/\/zst-skarzysko.pl\/?p=5273","title":{"rendered":"\u201eNiech kol\u0119dy i pastora\u0142ki wprowadz\u0105 nas w magi\u0119 \u015bwi\u0105t, w nastr\u00f3j \u017cyczliwo\u015bci  i rado\u015bci\u201d"},"content":{"rendered":"<p>&nbsp;<\/p>\n<p>Uczniowie ZST w Skar\u017cysku \u2013 Kamiennej dnia 21.12.2023 pod opiek\u0105 pani Doroty Merchel przygotowali kol\u0119dy i pastora\u0142ki.<\/p>\n<p>Wyst\u0119powali uczniowie:<\/p>\n<p>Gabrysia Wolska, Natan B\u0142asiak, Roksana Mazur z klasy 2TF,<\/p>\n<p>Zuzia Zaj\u0105czkowska 1TP,<\/p>\n<p>Julka Parszewska 1TF,<\/p>\n<p>Ida Jemielniak 2TB,<\/p>\n<p>Bartek J\u0119dryka, Maks Michulec, Jan Minda, Micha\u0142 \u017bmijewski, Piotrek Kaczmarek, Miko\u0142aj Lewandowski, Franek Jaworski, Tomasz Rogala, Przemys\u0142aw Kami\u0144ski wszyscy z klasy 2TI.<\/p>\n<p style=\"text-align: center;\">\n<!-- Buttons X - Start -->\n<style type=\"text\/css\" scoped>\/*1867-start*\/\n#btnsx-1867{margin-top:0px;margin-bottom:0px;margin-left:0px;margin-right:0px;padding-top:10px;padding-bottom:10px;padding-left:40px;padding-right:40px;}\n#btnsx-1867 .btnsx-text-primary{font-size:21px;line-height:21px;font-style:normal;color:#f7f7f7;padding-top:0px;padding-bottom:0px;padding-left:0px;padding-right:0px;}\n#btnsx-1867:hover .btnsx-text-primary{color:#777;}\n#btnsx-1867{background-color:#1e73be!important;}\n#btnsx-1867:hover{background-color:#2000f2!important;}\n#btnsx-1867{border-top-width:0px;border-bottom-width:0px;border-left-width:0px;border-right-width:0px;border-style:none;border-top-left-radius:0px;border-top-right-radius:0px;border-bottom-left-radius:0px;border-bottom-right-radius:0px;}\n#btnsx-1867:hover{border-top-width:0px;border-bottom-width:0px;border-left-width:0px;border-right-width:0px;border-style:none;border-top-left-radius:0px;border-top-right-radius:0px;border-bottom-left-radius:0px;border-bottom-right-radius:0px;}\n#btnsx-1867{-webkit-box-shadow:none;box-shadow:none;}\n#btnsx-1867:hover{-webkit-box-shadow:none;box-shadow:none;}\n\/*1867-end*\/\n<\/style>\n<a href=\"https:\/\/photos.app.goo.gl\/UkdZ5stUxdGfv5qW9\" id=\"btnsx-1867\" target=\"_blank\" class=\"btnsx-btn\" >\n\t<span class=\"btnsx-text-primary \">Zobacz album ze zdj\u0119ciami<\/span><\/a>\n\n<!-- Buttons X - End -->\n<\/p>\n<p>&nbsp;<\/p>\n<p><iframe title=\"Jase\u0142ka2023\" width=\"1200\" height=\"675\" src=\"https:\/\/www.youtube.com\/embed\/NIyUMW8FFtc?feature=oembed\" frameborder=\"0\" allow=\"accelerometer; autoplay; clipboard-write; encrypted-media; gyroscope; picture-in-picture; web-share\" referrerpolicy=\"strict-origin-when-cross-origin\" allowfullscreen><\/iframe><\/p>\n","protected":false},"excerpt":{"rendered":"<p>&nbsp; Uczniowie ZST w Skar\u017cysku \u2013 Kamiennej dnia 21.12.2023 pod opiek\u0105 pani Doroty Merchel przygotowali kol\u0119dy i pastora\u0142ki. Wyst\u0119powali uczniowie: Gabrysia Wolska, Natan B\u0142asiak, Roksana [&hellip;]<\/p>\n","protected":false},"author":8,"featured_media":5274,"comment_status":"closed","ping_status":"closed","sticky":false,"template":"","format":"standard","meta":{"footnotes":"","_links_to":"","_links_to_target":""},"categories":[1],"tags":[],"class_list":["post-5273","post","type-post","status-publish","format-standard","has-post-thumbnail","hentry","category-bez-kategorii"],"_links":{"self":[{"href":"https:\/\/zst-skarzysko.pl\/index.php?rest_route=\/wp\/v2\/posts\/5273","targetHints":{"allow":["GET"]}}],"collection":[{"href":"https:\/\/zst-skarzysko.pl\/index.php?rest_route=\/wp\/v2\/posts"}],"about":[{"href":"https:\/\/zst-skarzysko.pl\/index.php?rest_route=\/wp\/v2\/types\/post"}],"author":[{"embeddable":true,"href":"https:\/\/zst-skarzysko.pl\/index.php?rest_route=\/wp\/v2\/users\/8"}],"replies":[{"embeddable":true,"href":"https:\/\/zst-skarzysko.pl\/index.php?rest_route=%2Fwp%2Fv2%2Fcomments&post=5273"}],"version-history":[{"count":4,"href":"https:\/\/zst-skarzysko.pl\/index.php?rest_route=\/wp\/v2\/posts\/5273\/revisions"}],"predecessor-version":[{"id":5279,"href":"https:\/\/zst-skarzysko.pl\/index.php?rest_route=\/wp\/v2\/posts\/5273\/revisions\/5279"}],"wp:featuredmedia":[{"embeddable":true,"href":"https:\/\/zst-skarzysko.pl\/index.php?rest_route=\/wp\/v2\/media\/5274"}],"wp:attachment":[{"href":"https:\/\/zst-skarzysko.pl\/index.php?rest_route=%2Fwp%2Fv2%2Fmedia&parent=5273"}],"wp:term":[{"taxonomy":"category","embeddable":true,"href":"https:\/\/zst-skarzysko.pl\/index.php?rest_route=%2Fwp%2Fv2%2Fcategories&post=5273"},{"taxonomy":"post_tag","embeddable":true,"href":"https:\/\/zst-skarzysko.pl\/index.php?rest_route=%2Fwp%2Fv2%2Ftags&post=5273"}],"curies":[{"name":"wp","href":"https:\/\/api.w.org\/{rel}","templated":true}]}}