{"id":5263,"date":"2024-01-04T12:15:00","date_gmt":"2024-01-04T11:15:00","guid":{"rendered":"http:\/\/zst-skarzysko.pl\/?p=5263"},"modified":"2024-01-04T12:15:00","modified_gmt":"2024-01-04T11:15:00","slug":"wycieczka-do-muzeum-polin","status":"publish","type":"post","link":"https:\/\/zst-skarzysko.pl\/?p=5263","title":{"rendered":"Wycieczka do Muzeum POLIN"},"content":{"rendered":"<p dir=\"ltr\">Dnia 14 grudnia uczniowie klasy 4Tfp i 2Tpe wzi\u0119li udzia\u0142 w jednodniowej wycieczce do Warszawy. Opiek\u0119\u00a0 sprawowa\u0142y nauczycielki: pani Aneta \u015awitowska i pani Monika Bialik \u2013 Pawlak.<br \/>\nWyruszyli\u015bmy do stolicy we wczesnych godzinach porannych. Celem naszej wycieczki by\u0142o zwiedzanie Muzeum POLIN oraz spacer po Krakowskim Przedmie\u015bciu.<br \/>\nIstniej\u0105 takie miejsca, kt\u00f3re ka\u017cdy Polak przynajmniej raz w \u017cyciu powinien odwiedzi\u0107. To w\u0142a\u015bnie Muzeum POLIN, kt\u00f3re jest nowoczesn\u0105 instytucj\u0105 kultury \u2013 muzeum historycznym ukazuj\u0105cym 1000 lat dziej\u00f3w polskich \u017byd\u00f3w. Jest te\u017c miejscem spotka\u0144 tych wszystkich, kt\u00f3rzy pragn\u0105 lepiej pozna\u0107 przesz\u0142o\u015b\u0107 i wsp\u00f3\u0142czesn\u0105 kultur\u0119 \u017cydowsk\u0105, kt\u00f3rzy z polsko-\u017cydowskiej historii chc\u0105 wyci\u0105gn\u0105\u0107 wnioski na przysz\u0142o\u015b\u0107, kt\u00f3rzy chc\u0105 zmierzy\u0107 si\u0119 ze stereotypami i stawi\u0107 czo\u0142a wsp\u00f3\u0142czesnym zagro\u017ceniom, takimi jak ksenofobia.<br \/>\nWystawa sta\u0142a to podr\u00f3\u017c przez 1000 lat historii \u017byd\u00f3w polskich \u2013 od \u015bredniowiecza do wsp\u00f3\u0142czesno\u015bci. Sk\u0142ada si\u0119 ona z o\u015bmiu galerii, kt\u00f3re opowiadaj\u0105 o kulturze i dziedzictwie polskich \u017byd\u00f3w. Przedstawiono w nich kolejne etapy w historii: od legend od przybycia \u017byd\u00f3w na te ziemie, przez pierwsze ich osadnictwo, rozw\u00f3j kultury, r\u00f3\u017cnorodno\u015bci spo\u0142ecznej, religijnej i politycznej, burzliwe wydarzenia sprzed wiek\u00f3w i czas Zag\u0142ady, a\u017c do wsp\u00f3\u0142czesno\u015bci.<br \/>\nNast\u0119pnie udali\u015bmy si\u0119 na spacer ulicami Krakowskiego Przedmie\u015bcia, od Zamku Kr\u00f3lewskiego w kierunku Placu\u00a0 Zamkowego. Podziwiali\u015bmy pi\u0119kno budynku, kt\u00f3ry zosta\u0142 zbudowany w stylu barokowo &#8211; klasycystycznym. Podczas wieczornego spaceru mogli\u015bmy podziwia\u0107 pi\u0119kne \u015bwi\u0105teczne iluminacje \u015bwietlne, kt\u00f3re wprowadzi\u0142y nas w \u015bwi\u0105teczny nastr\u00f3j. Po posi\u0142ku, zm\u0119czeni, ale pe\u0142ni wra\u017ce\u0144 o godzinie 19. 00 wyruszyli\u015bmy w drog\u0119 powrotn\u0105 do Skar\u017cyska \u2013 Kamiennej.<br \/>\nUwa\u017camy, \u017ce wycieczka by\u0142a bardzo udana. Zobaczyli\u015bmy wiele interesuj\u0105cych miejsc. Panowa\u0142a mi\u0142a atmosfera. Zrobili\u015bmy sporo pami\u0105tkowych zdj\u0119\u0107.<\/p>\n\n<!-- Buttons X - Start -->\n<style type=\"text\/css\" scoped>\/*1867-start*\/\n#btnsx-1867{margin-top:0px;margin-bottom:0px;margin-left:0px;margin-right:0px;padding-top:10px;padding-bottom:10px;padding-left:40px;padding-right:40px;}\n#btnsx-1867 .btnsx-text-primary{font-size:21px;line-height:21px;font-style:normal;color:#f7f7f7;padding-top:0px;padding-bottom:0px;padding-left:0px;padding-right:0px;}\n#btnsx-1867:hover .btnsx-text-primary{color:#777;}\n#btnsx-1867{background-color:#1e73be!important;}\n#btnsx-1867:hover{background-color:#2000f2!important;}\n#btnsx-1867{border-top-width:0px;border-bottom-width:0px;border-left-width:0px;border-right-width:0px;border-style:none;border-top-left-radius:0px;border-top-right-radius:0px;border-bottom-left-radius:0px;border-bottom-right-radius:0px;}\n#btnsx-1867:hover{border-top-width:0px;border-bottom-width:0px;border-left-width:0px;border-right-width:0px;border-style:none;border-top-left-radius:0px;border-top-right-radius:0px;border-bottom-left-radius:0px;border-bottom-right-radius:0px;}\n#btnsx-1867{-webkit-box-shadow:none;box-shadow:none;}\n#btnsx-1867:hover{-webkit-box-shadow:none;box-shadow:none;}\n\/*1867-end*\/\n<\/style>\n<a href=\"https:\/\/photos.app.goo.gl\/6AJS7Jf3rKrJsBE98\" id=\"btnsx-1867\" target=\"_blank\" class=\"btnsx-btn\" >\n\t<span class=\"btnsx-text-primary \">Zobacz album ze zdj\u0119ciami<\/span><\/a>\n\n<!-- Buttons X - End -->\n\n","protected":false},"excerpt":{"rendered":"<p>Dnia 14 grudnia uczniowie klasy 4Tfp i 2Tpe wzi\u0119li udzia\u0142 w jednodniowej wycieczce do Warszawy. Opiek\u0119\u00a0 sprawowa\u0142y nauczycielki: pani Aneta \u015awitowska i pani Monika Bialik [&hellip;]<\/p>\n","protected":false},"author":8,"featured_media":5265,"comment_status":"closed","ping_status":"closed","sticky":false,"template":"","format":"standard","meta":{"footnotes":"","_links_to":"","_links_to_target":""},"categories":[1],"tags":[],"class_list":["post-5263","post","type-post","status-publish","format-standard","has-post-thumbnail","hentry","category-bez-kategorii"],"_links":{"self":[{"href":"https:\/\/zst-skarzysko.pl\/index.php?rest_route=\/wp\/v2\/posts\/5263","targetHints":{"allow":["GET"]}}],"collection":[{"href":"https:\/\/zst-skarzysko.pl\/index.php?rest_route=\/wp\/v2\/posts"}],"about":[{"href":"https:\/\/zst-skarzysko.pl\/index.php?rest_route=\/wp\/v2\/types\/post"}],"author":[{"embeddable":true,"href":"https:\/\/zst-skarzysko.pl\/index.php?rest_route=\/wp\/v2\/users\/8"}],"replies":[{"embeddable":true,"href":"https:\/\/zst-skarzysko.pl\/index.php?rest_route=%2Fwp%2Fv2%2Fcomments&post=5263"}],"version-history":[{"count":2,"href":"https:\/\/zst-skarzysko.pl\/index.php?rest_route=\/wp\/v2\/posts\/5263\/revisions"}],"predecessor-version":[{"id":5266,"href":"https:\/\/zst-skarzysko.pl\/index.php?rest_route=\/wp\/v2\/posts\/5263\/revisions\/5266"}],"wp:featuredmedia":[{"embeddable":true,"href":"https:\/\/zst-skarzysko.pl\/index.php?rest_route=\/wp\/v2\/media\/5265"}],"wp:attachment":[{"href":"https:\/\/zst-skarzysko.pl\/index.php?rest_route=%2Fwp%2Fv2%2Fmedia&parent=5263"}],"wp:term":[{"taxonomy":"category","embeddable":true,"href":"https:\/\/zst-skarzysko.pl\/index.php?rest_route=%2Fwp%2Fv2%2Fcategories&post=5263"},{"taxonomy":"post_tag","embeddable":true,"href":"https:\/\/zst-skarzysko.pl\/index.php?rest_route=%2Fwp%2Fv2%2Ftags&post=5263"}],"curies":[{"name":"wp","href":"https:\/\/api.w.org\/{rel}","templated":true}]}}