{"id":5218,"date":"2023-12-14T14:26:38","date_gmt":"2023-12-14T13:26:38","guid":{"rendered":"http:\/\/zst-skarzysko.pl\/?p=5218"},"modified":"2023-12-18T09:27:23","modified_gmt":"2023-12-18T08:27:23","slug":"zakonczenie-powiatowego-wspolzawwodnictwa-sportowego","status":"publish","type":"post","link":"https:\/\/zst-skarzysko.pl\/?p=5218","title":{"rendered":"ZAKO\u0143CZENIE POWIATOWEGO WSP\u00d3\u0141ZAWWODNICTWA SPORTOWEGO"},"content":{"rendered":"<p>ZAKO\u0143CZENIE POWIATOWEGO WSP\u00d3\u0141ZAWWODNICTWA SPORTOWEGO.<\/p>\n<p>W dniach 12\u00a0 i 13 grudnia odby\u0142y si\u0119 ostatnie zawody sportowe w ramach rocznego powiatowego wsp\u00f3\u0142zawodnictwa sportowego szk\u00f3\u0142 ponadpodstawowych.<br \/>\nW dniu 12 grudnia nasza \u017ce\u0144ska dru\u017cyna w pi\u0142k\u0119 siatkow\u0105 w sk\u0142adzie: Martyna Sztando, Barwicka, \u015alizak, Skuza \u2013 5Tpf, Hanna S\u0142awi\u0144ska, Natalia \u0141uszcz, Wiktoria Sieczka \u2013 4Tpf, Karina Szwed- 3TE, Dominika Banaszczyk -2Tf, Amelia Migus, Natalia Wodecka -1Tb rozegra\u0142a cztery mecze. W klasyfikacji tych zawod\u00f3w nasze uczennice zaj\u0119\u0142y trzecie miejsce. Gratulujemy.<\/p>\n<p>Natomiast 13 grudnia w zawodach te\u017c w pi\u0142k\u0119 siatkow\u0105 nasi uczniowie: Wiktor Mosio\u0142ek, Mateusz Ka\u0142u\u017cynski \u2013 5Tpf, Pawe\u0142 Kwiecie\u0144- 5Te, Kacper Kowalczyk \u2013 5Tip, Wojtek Ga\u0142czy\u0144ski \u2013 2A, Biegaj, Kijas \u2013 2Te, Bartek Wi\u015bnios, Piotr \u015aliwa \u2013 4Te, Bartosz Adamiec, Hubert Grz\u0119da \u2013 1Tp wygrali wszystkie mecze i zaj\u0119li pierwsze miejsce. Opiekunem obu dru\u017cyn by\u0142 Pan Jacek Szyma\u0144ski.<br \/>\nUczennice i uczniowie bior\u0105cy udzia\u0142 w zawodach chc\u0105 serdecznie podzi\u0119kowa\u0107 kibicom za gor\u0105cy doping.<br \/>\nTego dnia r\u00f3wnie\u017c po zako\u0144czeniu zawod\u00f3w siatkarskich odby\u0142o si\u0119 podsumowanie rocznego wsp\u00f3\u0142zawodnictwa sportowego szk\u00f3\u0142 ponadpodstawowych w obecno\u015bci Starosty Pana Artura Berusa, cz\u0142onka zarz\u0105du Katarzyny Bilskiej, naczelnika wydzialu edukacji Renaty Pacek oraz wszystkich dyrektor\u00f3w szk\u00f3\u0142 bior\u0105cych udzia\u0142 w tym wsp\u00f3\u0142zawodnictwie.<br \/>\nNasza szko\u0142a otrzyma\u0142a \u0142\u0105cznie 2000 pln. Za trzecie miejsce w og\u00f3lnej klasyfikacji dziewcz\u0105t szko\u0142a otrzyma\u0142a 800 pln. Natomiast za pierwsze miejsce ch\u0142opc\u00f3w -1200 pln. Dzi\u0119kujemy wszystkim uczennicom i uczniom, kt\u00f3rzy przez ca\u0142y rok kalendarzowy reprezentowali nasz\u0105 szko\u0142\u0119. Za opraw\u0119 fotograficzna odpowiedzialne by\u0142y: Julia Bartosiewicz, Wiktoria Oziomek, Oliwia Wa\u0142achnia i Maja Pawe\u0142czyk z klasy 3Tf.<\/p>\n<p>&nbsp;<\/p>\n\n<!-- Buttons X - Start -->\n<style type=\"text\/css\" scoped>\/*1867-start*\/\n#btnsx-1867{margin-top:0px;margin-bottom:0px;margin-left:0px;margin-right:0px;padding-top:10px;padding-bottom:10px;padding-left:40px;padding-right:40px;}\n#btnsx-1867 .btnsx-text-primary{font-size:21px;line-height:21px;font-style:normal;color:#f7f7f7;padding-top:0px;padding-bottom:0px;padding-left:0px;padding-right:0px;}\n#btnsx-1867:hover .btnsx-text-primary{color:#777;}\n#btnsx-1867{background-color:#1e73be!important;}\n#btnsx-1867:hover{background-color:#2000f2!important;}\n#btnsx-1867{border-top-width:0px;border-bottom-width:0px;border-left-width:0px;border-right-width:0px;border-style:none;border-top-left-radius:0px;border-top-right-radius:0px;border-bottom-left-radius:0px;border-bottom-right-radius:0px;}\n#btnsx-1867:hover{border-top-width:0px;border-bottom-width:0px;border-left-width:0px;border-right-width:0px;border-style:none;border-top-left-radius:0px;border-top-right-radius:0px;border-bottom-left-radius:0px;border-bottom-right-radius:0px;}\n#btnsx-1867{-webkit-box-shadow:none;box-shadow:none;}\n#btnsx-1867:hover{-webkit-box-shadow:none;box-shadow:none;}\n\/*1867-end*\/\n<\/style>\n<a href=\" https:\/\/photos.app.goo.gl\/iBsJBGzK3dwvU4wz7\" id=\"btnsx-1867\" target=\"_blank\" class=\"btnsx-btn\" >\n\t<span class=\"btnsx-text-primary \">Zobacz album ze zdj\u0119ciami<\/span><\/a>\n\n<!-- Buttons X - End -->\n\n","protected":false},"excerpt":{"rendered":"<p>ZAKO\u0143CZENIE POWIATOWEGO WSP\u00d3\u0141ZAWWODNICTWA SPORTOWEGO. W dniach 12\u00a0 i 13 grudnia odby\u0142y si\u0119 ostatnie zawody sportowe w ramach rocznego powiatowego wsp\u00f3\u0142zawodnictwa sportowego szk\u00f3\u0142 ponadpodstawowych. W dniu [&hellip;]<\/p>\n","protected":false},"author":8,"featured_media":5219,"comment_status":"closed","ping_status":"closed","sticky":false,"template":"","format":"standard","meta":{"footnotes":"","_links_to":"","_links_to_target":""},"categories":[1,38],"tags":[],"class_list":["post-5218","post","type-post","status-publish","format-standard","has-post-thumbnail","hentry","category-bez-kategorii","category-sport"],"_links":{"self":[{"href":"https:\/\/zst-skarzysko.pl\/index.php?rest_route=\/wp\/v2\/posts\/5218","targetHints":{"allow":["GET"]}}],"collection":[{"href":"https:\/\/zst-skarzysko.pl\/index.php?rest_route=\/wp\/v2\/posts"}],"about":[{"href":"https:\/\/zst-skarzysko.pl\/index.php?rest_route=\/wp\/v2\/types\/post"}],"author":[{"embeddable":true,"href":"https:\/\/zst-skarzysko.pl\/index.php?rest_route=\/wp\/v2\/users\/8"}],"replies":[{"embeddable":true,"href":"https:\/\/zst-skarzysko.pl\/index.php?rest_route=%2Fwp%2Fv2%2Fcomments&post=5218"}],"version-history":[{"count":4,"href":"https:\/\/zst-skarzysko.pl\/index.php?rest_route=\/wp\/v2\/posts\/5218\/revisions"}],"predecessor-version":[{"id":5232,"href":"https:\/\/zst-skarzysko.pl\/index.php?rest_route=\/wp\/v2\/posts\/5218\/revisions\/5232"}],"wp:featuredmedia":[{"embeddable":true,"href":"https:\/\/zst-skarzysko.pl\/index.php?rest_route=\/wp\/v2\/media\/5219"}],"wp:attachment":[{"href":"https:\/\/zst-skarzysko.pl\/index.php?rest_route=%2Fwp%2Fv2%2Fmedia&parent=5218"}],"wp:term":[{"taxonomy":"category","embeddable":true,"href":"https:\/\/zst-skarzysko.pl\/index.php?rest_route=%2Fwp%2Fv2%2Fcategories&post=5218"},{"taxonomy":"post_tag","embeddable":true,"href":"https:\/\/zst-skarzysko.pl\/index.php?rest_route=%2Fwp%2Fv2%2Ftags&post=5218"}],"curies":[{"name":"wp","href":"https:\/\/api.w.org\/{rel}","templated":true}]}}