{"id":5045,"date":"2023-11-03T13:52:34","date_gmt":"2023-11-03T12:52:34","guid":{"rendered":"http:\/\/zst-skarzysko.pl\/?p=5045"},"modified":"2024-08-27T10:53:20","modified_gmt":"2024-08-27T08:53:20","slug":"uroczyste-otwarcie-nowoczesnej-ekopracowni-oze-zrealizowanej-w-ramach-programu-zielone-serce-szkoly","status":"publish","type":"post","link":"https:\/\/zst-skarzysko.pl\/?p=5045","title":{"rendered":"Uroczyste otwarcie nowoczesnej Ekopracowni OZE zrealizowanej w ramach programu ,,ZIELONE SERCE SZKO\u0141Y\u201d"},"content":{"rendered":"<p>&nbsp;<\/p>\n<p><img fetchpriority=\"high\" decoding=\"async\" class=\"aligncenter  wp-image-5766\" src=\"https:\/\/zst-skarzysko.pl\/wp-content\/uploads\/2023\/11\/Loga-projekt-1-300x169.jpg\" alt=\"\" width=\"444\" height=\"250\" srcset=\"https:\/\/zst-skarzysko.pl\/wp-content\/uploads\/2023\/11\/Loga-projekt-1-300x169.jpg 300w, https:\/\/zst-skarzysko.pl\/wp-content\/uploads\/2023\/11\/Loga-projekt-1-1024x578.jpg 1024w, https:\/\/zst-skarzysko.pl\/wp-content\/uploads\/2023\/11\/Loga-projekt-1-768x434.jpg 768w, https:\/\/zst-skarzysko.pl\/wp-content\/uploads\/2023\/11\/Loga-projekt-1-1536x867.jpg 1536w, https:\/\/zst-skarzysko.pl\/wp-content\/uploads\/2023\/11\/Loga-projekt-1.jpg 1679w\" sizes=\"(max-width: 444px) 100vw, 444px\" \/>W dniu 27 pa\u017adziernika 2023r. w Zespole Szk\u00f3\u0142 Technicznych im. Armii Krajowej nast\u0105pi\u0142o uroczyste otwarcie nowoczesnej ekoprawcowni OZE \u201eZielonego serca szko\u0142y\u201d. G\u0142\u00f3wnym celem realizacji tego przedsi\u0119wzi\u0119cia finansowanego przez Wojew\u00f3dzki Fundusz Ochrony \u015arodowiska i Gospodarki Wodnej w Kielcach oraz Narodowy Fundusz Ochrony \u015arodowiska i Gospodarki Wodnej jest rozpowszechnianie edukacji ekologicznej, podnoszenie \u015bwiadomo\u015bci ekologicznej i kszta\u0142towanie postaw proekologicznych. Dzi\u0119ki utworzeniu ekopracowni wyposa\u017conej w nowoczesny sprz\u0119t i pomoce dydaktyczne uczniowie zyskali przyjazne miejsce do nauki i rozwijania swoich zainteresowa\u0144 z zakresu odnawialnych \u017ar\u00f3de\u0142 energii i do realizacji inicjatyw na rzecz ochrony \u015brodowiska w przysz\u0142o\u015bci.<\/p>\n<p>W\u015br\u00f3d go\u015bci przyby\u0142ych na uroczysto\u015b\u0107 byli m. in.: Starosta Skar\u017cyski Artur Berus, Cz\u0142onek Zarz\u0105du Powiatu Katarzyna Bilska oraz Naczelnik Wydzia\u0142u Edukacji, Promocji, Kultury, Sportu i Turystyki Renata Pacek. W otwarciu uczestniczy\u0142 tak\u017ce Prezes Zarz\u0105du Wojew\u00f3dzkiego Funduszu Ochrony \u015arodowiska i Gospodarki Wodnej w Kielcach Ryszard Gliwi\u0144ski.<\/p>\n<p>Pracownia odnawialnych \u017ar\u00f3de\u0142 energii w Zespole Szk\u00f3\u0142 Technicznych powstawa\u0142a w ramach realizacji programu \u201eEkopracownia \u2013 zielone serce szko\u0142y\u201d realizowanego przez Wojew\u00f3dzki Fundusz Ochrony \u015arodowiska i Gospodarki Wodnej w Kielcach oraz Narodowy Fundusz Ochrony \u015arodowiska i Gospodarki Wodnej. Ca\u0142kowity koszt pracowni wyni\u00f3s\u0142 83 333,34 z\u0142, z czego 75 000,00 z\u0142 stanowi\u0142a kwota dotacji z WFO\u015aiGW, a 8 333,34 z\u0142 \u015brodki w\u0142asne Powiatu Skar\u017cyskiego.<\/p>\n<p>&nbsp;<\/p>\n\n<!-- Buttons X - Start -->\n<style type=\"text\/css\" scoped>\/*1867-start*\/\n#btnsx-1867{margin-top:0px;margin-bottom:0px;margin-left:0px;margin-right:0px;padding-top:10px;padding-bottom:10px;padding-left:40px;padding-right:40px;}\n#btnsx-1867 .btnsx-text-primary{font-size:21px;line-height:21px;font-style:normal;color:#f7f7f7;padding-top:0px;padding-bottom:0px;padding-left:0px;padding-right:0px;}\n#btnsx-1867:hover .btnsx-text-primary{color:#777;}\n#btnsx-1867{background-color:#1e73be!important;}\n#btnsx-1867:hover{background-color:#2000f2!important;}\n#btnsx-1867{border-top-width:0px;border-bottom-width:0px;border-left-width:0px;border-right-width:0px;border-style:none;border-top-left-radius:0px;border-top-right-radius:0px;border-bottom-left-radius:0px;border-bottom-right-radius:0px;}\n#btnsx-1867:hover{border-top-width:0px;border-bottom-width:0px;border-left-width:0px;border-right-width:0px;border-style:none;border-top-left-radius:0px;border-top-right-radius:0px;border-bottom-left-radius:0px;border-bottom-right-radius:0px;}\n#btnsx-1867{-webkit-box-shadow:none;box-shadow:none;}\n#btnsx-1867:hover{-webkit-box-shadow:none;box-shadow:none;}\n\/*1867-end*\/\n<\/style>\n<a href=\"https:\/\/photos.app.goo.gl\/v7Mft2zgL6fdV2UK7\" id=\"btnsx-1867\" target=\"_blank\" class=\"btnsx-btn\" >\n\t<span class=\"btnsx-text-primary \">Zobacz album ze zdj\u0119ciami<\/span><\/a>\n\n<!-- Buttons X - End -->\n\n<p><img decoding=\"async\" class=\"aligncenter  wp-image-5767\" src=\"https:\/\/zst-skarzysko.pl\/wp-content\/uploads\/2023\/11\/informacja-o-pochodzeniu-300x163.jpg\" alt=\"\" width=\"455\" height=\"247\" srcset=\"https:\/\/zst-skarzysko.pl\/wp-content\/uploads\/2023\/11\/informacja-o-pochodzeniu-300x163.jpg 300w, https:\/\/zst-skarzysko.pl\/wp-content\/uploads\/2023\/11\/informacja-o-pochodzeniu-1024x557.jpg 1024w, https:\/\/zst-skarzysko.pl\/wp-content\/uploads\/2023\/11\/informacja-o-pochodzeniu-768x418.jpg 768w, https:\/\/zst-skarzysko.pl\/wp-content\/uploads\/2023\/11\/informacja-o-pochodzeniu-1536x836.jpg 1536w, https:\/\/zst-skarzysko.pl\/wp-content\/uploads\/2023\/11\/informacja-o-pochodzeniu.jpg 1654w\" sizes=\"(max-width: 455px) 100vw, 455px\" \/><\/p>\n","protected":false},"excerpt":{"rendered":"<p>&nbsp; W dniu 27 pa\u017adziernika 2023r. w Zespole Szk\u00f3\u0142 Technicznych im. Armii Krajowej nast\u0105pi\u0142o uroczyste otwarcie nowoczesnej ekoprawcowni OZE \u201eZielonego serca szko\u0142y\u201d. G\u0142\u00f3wnym celem realizacji [&hellip;]<\/p>\n","protected":false},"author":8,"featured_media":5047,"comment_status":"closed","ping_status":"closed","sticky":false,"template":"","format":"standard","meta":{"footnotes":"","_links_to":"","_links_to_target":""},"categories":[1],"tags":[],"class_list":["post-5045","post","type-post","status-publish","format-standard","has-post-thumbnail","hentry","category-bez-kategorii"],"_links":{"self":[{"href":"https:\/\/zst-skarzysko.pl\/index.php?rest_route=\/wp\/v2\/posts\/5045","targetHints":{"allow":["GET"]}}],"collection":[{"href":"https:\/\/zst-skarzysko.pl\/index.php?rest_route=\/wp\/v2\/posts"}],"about":[{"href":"https:\/\/zst-skarzysko.pl\/index.php?rest_route=\/wp\/v2\/types\/post"}],"author":[{"embeddable":true,"href":"https:\/\/zst-skarzysko.pl\/index.php?rest_route=\/wp\/v2\/users\/8"}],"replies":[{"embeddable":true,"href":"https:\/\/zst-skarzysko.pl\/index.php?rest_route=%2Fwp%2Fv2%2Fcomments&post=5045"}],"version-history":[{"count":4,"href":"https:\/\/zst-skarzysko.pl\/index.php?rest_route=\/wp\/v2\/posts\/5045\/revisions"}],"predecessor-version":[{"id":5768,"href":"https:\/\/zst-skarzysko.pl\/index.php?rest_route=\/wp\/v2\/posts\/5045\/revisions\/5768"}],"wp:featuredmedia":[{"embeddable":true,"href":"https:\/\/zst-skarzysko.pl\/index.php?rest_route=\/wp\/v2\/media\/5047"}],"wp:attachment":[{"href":"https:\/\/zst-skarzysko.pl\/index.php?rest_route=%2Fwp%2Fv2%2Fmedia&parent=5045"}],"wp:term":[{"taxonomy":"category","embeddable":true,"href":"https:\/\/zst-skarzysko.pl\/index.php?rest_route=%2Fwp%2Fv2%2Fcategories&post=5045"},{"taxonomy":"post_tag","embeddable":true,"href":"https:\/\/zst-skarzysko.pl\/index.php?rest_route=%2Fwp%2Fv2%2Ftags&post=5045"}],"curies":[{"name":"wp","href":"https:\/\/api.w.org\/{rel}","templated":true}]}}