{"id":504,"date":"2016-12-07T18:58:26","date_gmt":"2016-12-07T17:58:26","guid":{"rendered":"http:\/\/zst-skarzysko.pl\/nowastrona\/?p=504"},"modified":"2017-02-17T18:59:49","modified_gmt":"2017-02-17T17:59:49","slug":"mikolajkowy-pokaz-talentow-w-techniku","status":"publish","type":"post","link":"https:\/\/zst-skarzysko.pl\/?p=504","title":{"rendered":"Miko\u0142ajkowy pokaz talent\u00f3w w Techniku"},"content":{"rendered":"<p>We wtorek 6 grudnia 2016 roku w naszej szkole zorganizowano pokaz talent\u00f3w, w kt\u00f3rym wzi\u0119\u0142o udzia\u0142 czterech uczestnik\u00f3w. Jako pierwszy wyst\u0105pi\u0142 Rafael Pietras, kt\u00f3ry za\u015bpiewa\u0142 i zagra\u0142 na gitarze rosyjsk\u0105 piosenk\u0119. Nast\u0119pnie w duecie wyst\u0105pili Dawid Chmielnicki-pianino i Maciej Przysiwek-gitara. Kolejnym uczestnikiem by\u0142 Jakub Grz\u0119da, kt\u00f3ry zaprezentowa\u0142 beatboxing. Na koniec pokazu swoje umiej\u0119tno\u015bci raperskie przedstawi\u0142 Piotr Pawe\u0142 Pi\u0119tak \u201ePedro\u201d. Ka\u017cdy z uczestnik\u00f3w wykaza\u0142 si\u0119 \u00a0oryginalno\u015bci\u0105 i zachwyci\u0142 publiczno\u015b\u0107. I miejsce bezkonkurencyjnie zaj\u0105\u0142 Jakub Grz\u0119da, a pozostali uczestnicy \u2013 II miejsce. Koniec pokazu umili\u0142 nam wszystkim wyst\u0119p pana Arkadiusza Fr\u0105tczaka, kt\u00f3ry za\u015bpiewa\u0142 piosenk\u0119 \u201eMia\u0142a matka syna\u201d. Gratulujemy wszystkim uczestnikom i \u017cyczymy dalszych sukces\u00f3w !!! Opracowa\u0142y: Emilia M\u0142odawska i Izabela Lisowska z klasy 1TF.<\/p>\n<p style=\"text-align: right;\">\n<!-- Buttons X - Start -->\n<style type=\"text\/css\" scoped>\/*484-start*\/\n#btnsx-484{margin-top:0px;margin-bottom:0px;margin-left:0px;margin-right:0px;padding-top:10px;padding-bottom:10px;padding-left:40px;padding-right:40px;}\n#btnsx-484 .btnsx-text-primary{font-size:21px;line-height:21px;font-family:Inherit;color:#ffffff;padding-top:0px;padding-bottom:0px;padding-left:0px;padding-right:0px;}\n#btnsx-484:hover .btnsx-text-primary{color:#ffffff;}\n#btnsx-484{background-color:#2e93cd!important;}\n#btnsx-484:hover{background-color:#1488cc!important;}\n#btnsx-484{border-top-width:0px;border-bottom-width:0px;border-left-width:0px;border-right-width:0px;border-style:none;border-top-left-radius:0px;border-top-right-radius:0px;border-bottom-left-radius:0px;border-bottom-right-radius:0px;}\n#btnsx-484:hover{border-top-width:0px;border-bottom-width:0px;border-left-width:0px;border-right-width:0px;border-style:none;border-top-left-radius:0px;border-top-right-radius:0px;border-bottom-left-radius:0px;border-bottom-right-radius:0px;}\n#btnsx-484{-webkit-box-shadow:none;box-shadow:none;}\n#btnsx-484:hover{-webkit-box-shadow:none;box-shadow:none;}\n\/*484-end*\/\n<\/style>\n<a href=\"https:\/\/photos.google.com\/share\/AF1QipMjohVumBfrFAPIu5L_pb3nhPSGvhYqT9cFiX8--SkT3-IHRxcNb0QFc28OOaFmHg?key=X1JOcF94TExONGRMTmlMYXVJWG9EMUlCcndTdGR3\" id=\"btnsx-484\" target=\"_blank\" class=\"btnsx-btn\"  data-font-primary=\"Inherit\">\n\t<span class=\"btnsx-text-primary \">Zobacz album ze zdj\u0119ciami<\/span><\/a>\n\n<!-- Buttons X - End -->\n<\/p>\n","protected":false},"excerpt":{"rendered":"<p>We wtorek 6 grudnia 2016 roku w naszej szkole zorganizowano pokaz talent\u00f3w, w kt\u00f3rym wzi\u0119\u0142o udzia\u0142 czterech uczestnik\u00f3w. Jako pierwszy wyst\u0105pi\u0142 Rafael Pietras, kt\u00f3ry za\u015bpiewa\u0142 [&hellip;]<\/p>\n","protected":false},"author":1,"featured_media":505,"comment_status":"closed","ping_status":"closed","sticky":false,"template":"","format":"standard","meta":{"footnotes":"","_links_to":"","_links_to_target":""},"categories":[1],"tags":[],"class_list":["post-504","post","type-post","status-publish","format-standard","has-post-thumbnail","hentry","category-bez-kategorii"],"_links":{"self":[{"href":"https:\/\/zst-skarzysko.pl\/index.php?rest_route=\/wp\/v2\/posts\/504","targetHints":{"allow":["GET"]}}],"collection":[{"href":"https:\/\/zst-skarzysko.pl\/index.php?rest_route=\/wp\/v2\/posts"}],"about":[{"href":"https:\/\/zst-skarzysko.pl\/index.php?rest_route=\/wp\/v2\/types\/post"}],"author":[{"embeddable":true,"href":"https:\/\/zst-skarzysko.pl\/index.php?rest_route=\/wp\/v2\/users\/1"}],"replies":[{"embeddable":true,"href":"https:\/\/zst-skarzysko.pl\/index.php?rest_route=%2Fwp%2Fv2%2Fcomments&post=504"}],"version-history":[{"count":1,"href":"https:\/\/zst-skarzysko.pl\/index.php?rest_route=\/wp\/v2\/posts\/504\/revisions"}],"predecessor-version":[{"id":506,"href":"https:\/\/zst-skarzysko.pl\/index.php?rest_route=\/wp\/v2\/posts\/504\/revisions\/506"}],"wp:featuredmedia":[{"embeddable":true,"href":"https:\/\/zst-skarzysko.pl\/index.php?rest_route=\/wp\/v2\/media\/505"}],"wp:attachment":[{"href":"https:\/\/zst-skarzysko.pl\/index.php?rest_route=%2Fwp%2Fv2%2Fmedia&parent=504"}],"wp:term":[{"taxonomy":"category","embeddable":true,"href":"https:\/\/zst-skarzysko.pl\/index.php?rest_route=%2Fwp%2Fv2%2Fcategories&post=504"},{"taxonomy":"post_tag","embeddable":true,"href":"https:\/\/zst-skarzysko.pl\/index.php?rest_route=%2Fwp%2Fv2%2Ftags&post=504"}],"curies":[{"name":"wp","href":"https:\/\/api.w.org\/{rel}","templated":true}]}}