{"id":4930,"date":"2023-10-01T09:06:57","date_gmt":"2023-10-01T07:06:57","guid":{"rendered":"http:\/\/zst-skarzysko.pl\/?p=4930"},"modified":"2023-10-09T09:13:57","modified_gmt":"2023-10-09T07:13:57","slug":"pieszy-rajd-integracyjny-dla-klas-pierwszych","status":"publish","type":"post","link":"https:\/\/zst-skarzysko.pl\/?p=4930","title":{"rendered":"Pieszy rajd integracyjny dla klas pierwszych"},"content":{"rendered":"<p>Tradycj\u0105\u202fszko\u0142y jest przyj\u0119cie pierwszak\u00f3w w poczet uczni\u00f3w technikum. W tym roku wydarzenie to mia\u0142o miejsce podczas pieszego rajdu integracyjnego, kt\u00f3ry odby\u0142\u202fsi\u0119\u202f22 wrze\u015bnia 2023 roku. Sze\u015b\u0107\u202fklas pierwszych wraz z wychowawcami, pedagogami i psychologiem wyruszy\u0142o ulicami Skar\u017cyska. Miejscem docelowym by\u0142\u202fZalew Rej\u00f3w, gdzie na przyby\u0142ych czeka\u0142 Dyrektor Andrzej Kotwica i Samorz\u0105d Uczniowski. Przy d\u017awi\u0119kach skocznej muzyki rozegra\u0142y si\u0119 konkursy, m. in. Przeci\u0105ganie liny, zabawa podaj dalej, rysowanie portretu wychowawcy, konkurencje sportowe. Zwyci\u0119zcami tegorocznej edycji rajdu okaza\u0142a si\u0119\u202fklasa ITF, wychowankowie Pani J. Pielewskiej.<\/p>\n<p>Wsp\u00f3lna zabawa, sp\u0119dzony razem czas w otoczeniu pi\u0119knej, wrze\u015bniowej przyrody dostarczy\u0142 uczniom wielu pozytywnych wra\u017ce\u0144.\u00a0 Grill oraz\u202f szalone ta\u0144ce zintegrowa\u0142y klasy pierwsze na tyle mocno, aby dzieli\u0107\u202fwsp\u00f3lne do\u015bwiadczenia przez najbli\u017csze pi\u0119\u0107 lat.<\/p>\n<p>&nbsp;<\/p>\n\n<!-- Buttons X - Start -->\n<style type=\"text\/css\" scoped>\/*1867-start*\/\n#btnsx-1867{margin-top:0px;margin-bottom:0px;margin-left:0px;margin-right:0px;padding-top:10px;padding-bottom:10px;padding-left:40px;padding-right:40px;}\n#btnsx-1867 .btnsx-text-primary{font-size:21px;line-height:21px;font-style:normal;color:#f7f7f7;padding-top:0px;padding-bottom:0px;padding-left:0px;padding-right:0px;}\n#btnsx-1867:hover .btnsx-text-primary{color:#777;}\n#btnsx-1867{background-color:#1e73be!important;}\n#btnsx-1867:hover{background-color:#2000f2!important;}\n#btnsx-1867{border-top-width:0px;border-bottom-width:0px;border-left-width:0px;border-right-width:0px;border-style:none;border-top-left-radius:0px;border-top-right-radius:0px;border-bottom-left-radius:0px;border-bottom-right-radius:0px;}\n#btnsx-1867:hover{border-top-width:0px;border-bottom-width:0px;border-left-width:0px;border-right-width:0px;border-style:none;border-top-left-radius:0px;border-top-right-radius:0px;border-bottom-left-radius:0px;border-bottom-right-radius:0px;}\n#btnsx-1867{-webkit-box-shadow:none;box-shadow:none;}\n#btnsx-1867:hover{-webkit-box-shadow:none;box-shadow:none;}\n\/*1867-end*\/\n<\/style>\n<a href=\" https:\/\/photos.app.goo.gl\/9ZiBV41e43MujMR96\" id=\"btnsx-1867\" target=\"_blank\" class=\"btnsx-btn\" >\n\t<span class=\"btnsx-text-primary \">Zobacz album ze zdj\u0119ciami<\/span><\/a>\n\n<!-- Buttons X - End -->\n\n","protected":false},"excerpt":{"rendered":"<p>Tradycj\u0105\u202fszko\u0142y jest przyj\u0119cie pierwszak\u00f3w w poczet uczni\u00f3w technikum. W tym roku wydarzenie to mia\u0142o miejsce podczas pieszego rajdu integracyjnego, kt\u00f3ry odby\u0142\u202fsi\u0119\u202f22 wrze\u015bnia 2023 roku. Sze\u015b\u0107\u202fklas [&hellip;]<\/p>\n","protected":false},"author":8,"featured_media":4931,"comment_status":"closed","ping_status":"closed","sticky":false,"template":"","format":"standard","meta":{"footnotes":"","_links_to":"","_links_to_target":""},"categories":[1],"tags":[],"class_list":["post-4930","post","type-post","status-publish","format-standard","has-post-thumbnail","hentry","category-bez-kategorii"],"_links":{"self":[{"href":"https:\/\/zst-skarzysko.pl\/index.php?rest_route=\/wp\/v2\/posts\/4930","targetHints":{"allow":["GET"]}}],"collection":[{"href":"https:\/\/zst-skarzysko.pl\/index.php?rest_route=\/wp\/v2\/posts"}],"about":[{"href":"https:\/\/zst-skarzysko.pl\/index.php?rest_route=\/wp\/v2\/types\/post"}],"author":[{"embeddable":true,"href":"https:\/\/zst-skarzysko.pl\/index.php?rest_route=\/wp\/v2\/users\/8"}],"replies":[{"embeddable":true,"href":"https:\/\/zst-skarzysko.pl\/index.php?rest_route=%2Fwp%2Fv2%2Fcomments&post=4930"}],"version-history":[{"count":1,"href":"https:\/\/zst-skarzysko.pl\/index.php?rest_route=\/wp\/v2\/posts\/4930\/revisions"}],"predecessor-version":[{"id":4932,"href":"https:\/\/zst-skarzysko.pl\/index.php?rest_route=\/wp\/v2\/posts\/4930\/revisions\/4932"}],"wp:featuredmedia":[{"embeddable":true,"href":"https:\/\/zst-skarzysko.pl\/index.php?rest_route=\/wp\/v2\/media\/4931"}],"wp:attachment":[{"href":"https:\/\/zst-skarzysko.pl\/index.php?rest_route=%2Fwp%2Fv2%2Fmedia&parent=4930"}],"wp:term":[{"taxonomy":"category","embeddable":true,"href":"https:\/\/zst-skarzysko.pl\/index.php?rest_route=%2Fwp%2Fv2%2Fcategories&post=4930"},{"taxonomy":"post_tag","embeddable":true,"href":"https:\/\/zst-skarzysko.pl\/index.php?rest_route=%2Fwp%2Fv2%2Ftags&post=4930"}],"curies":[{"name":"wp","href":"https:\/\/api.w.org\/{rel}","templated":true}]}}