{"id":4905,"date":"2023-09-27T10:00:16","date_gmt":"2023-09-27T08:00:16","guid":{"rendered":"http:\/\/zst-skarzysko.pl\/?p=4905"},"modified":"2023-09-27T10:00:16","modified_gmt":"2023-09-27T08:00:16","slug":"udzial-w-swietokrzyskim-kongresie-samorzadow-uczniowskich","status":"publish","type":"post","link":"https:\/\/zst-skarzysko.pl\/?p=4905","title":{"rendered":"Udzia\u0142 w \u015awi\u0119tokrzyskim Kongresie Samorz\u0105d\u00f3w Uczniowskich"},"content":{"rendered":"<p>W dniu 26 wrze\u015bnia przedstawiciele Naszego Samorz\u0105du wraz z opiekunem wzi\u0119li udzia\u0142 w \u015awi\u0119tokrzyskim Kongresie Samorz\u0105d\u00f3w Uczniowskich. M\u0142odzie\u017c wys\u0142ucha\u0142a r\u00f3\u017cnych propozycji Rady Dzieci i M\u0142odzie\u017cy Rzeczpospolitej Polskiej dzia\u0142aj\u0105cej przy Ministerstwie Edukacji i Nauki. Uczniowie dzielili si\u0119 do\u015bwiadczeniami, opowiadali o akcjach samorz\u0105du, dyskutowali nad popraw\u0105 dzia\u0142a\u0144. M\u0142odzie\u017c wynios\u0142a ze spotkania cenne wskaz\u00f3wki do dalszej efektywnej pracy na rzecz Naszej Szko\u0142y. Jako Samorz\u0105d ZST jeste\u015bmy otwarci na wszelkie propozycje i zapraszamy wszystkich uczni\u00f3w naszej szko\u0142y do wsp\u00f3\u0142pracy!<\/p>\n\n<!-- Buttons X - Start -->\n<style type=\"text\/css\" scoped>\/*1867-start*\/\n#btnsx-1867{margin-top:0px;margin-bottom:0px;margin-left:0px;margin-right:0px;padding-top:10px;padding-bottom:10px;padding-left:40px;padding-right:40px;}\n#btnsx-1867 .btnsx-text-primary{font-size:21px;line-height:21px;font-style:normal;color:#f7f7f7;padding-top:0px;padding-bottom:0px;padding-left:0px;padding-right:0px;}\n#btnsx-1867:hover .btnsx-text-primary{color:#777;}\n#btnsx-1867{background-color:#1e73be!important;}\n#btnsx-1867:hover{background-color:#2000f2!important;}\n#btnsx-1867{border-top-width:0px;border-bottom-width:0px;border-left-width:0px;border-right-width:0px;border-style:none;border-top-left-radius:0px;border-top-right-radius:0px;border-bottom-left-radius:0px;border-bottom-right-radius:0px;}\n#btnsx-1867:hover{border-top-width:0px;border-bottom-width:0px;border-left-width:0px;border-right-width:0px;border-style:none;border-top-left-radius:0px;border-top-right-radius:0px;border-bottom-left-radius:0px;border-bottom-right-radius:0px;}\n#btnsx-1867{-webkit-box-shadow:none;box-shadow:none;}\n#btnsx-1867:hover{-webkit-box-shadow:none;box-shadow:none;}\n\/*1867-end*\/\n<\/style>\n<a href=\"https:\/\/photos.app.goo.gl\/4y4ucHys9MpN2MmJ6\" id=\"btnsx-1867\" target=\"_blank\" class=\"btnsx-btn\" >\n\t<span class=\"btnsx-text-primary \">Zobacz album ze zdj\u0119ciami<\/span><\/a>\n\n<!-- Buttons X - End -->\n\n<p>&nbsp;<\/p>\n<p><iframe title=\"Udzia\u0142 uczni\u00f3w ZST w \u015awi\u0119tokrzyskim Kongresie Samorz\u0105d\u00f3w Uczniowskich\" width=\"563\" height=\"1000\" src=\"https:\/\/www.youtube.com\/embed\/-q08tpobk0o?feature=oembed\" frameborder=\"0\" allow=\"accelerometer; autoplay; clipboard-write; encrypted-media; gyroscope; picture-in-picture; web-share\" referrerpolicy=\"strict-origin-when-cross-origin\" allowfullscreen><\/iframe><\/p>\n","protected":false},"excerpt":{"rendered":"<p>W dniu 26 wrze\u015bnia przedstawiciele Naszego Samorz\u0105du wraz z opiekunem wzi\u0119li udzia\u0142 w \u015awi\u0119tokrzyskim Kongresie Samorz\u0105d\u00f3w Uczniowskich. M\u0142odzie\u017c wys\u0142ucha\u0142a r\u00f3\u017cnych propozycji Rady Dzieci i M\u0142odzie\u017cy [&hellip;]<\/p>\n","protected":false},"author":8,"featured_media":4906,"comment_status":"closed","ping_status":"closed","sticky":false,"template":"","format":"standard","meta":{"footnotes":"","_links_to":"","_links_to_target":""},"categories":[1],"tags":[],"class_list":["post-4905","post","type-post","status-publish","format-standard","has-post-thumbnail","hentry","category-bez-kategorii"],"_links":{"self":[{"href":"https:\/\/zst-skarzysko.pl\/index.php?rest_route=\/wp\/v2\/posts\/4905","targetHints":{"allow":["GET"]}}],"collection":[{"href":"https:\/\/zst-skarzysko.pl\/index.php?rest_route=\/wp\/v2\/posts"}],"about":[{"href":"https:\/\/zst-skarzysko.pl\/index.php?rest_route=\/wp\/v2\/types\/post"}],"author":[{"embeddable":true,"href":"https:\/\/zst-skarzysko.pl\/index.php?rest_route=\/wp\/v2\/users\/8"}],"replies":[{"embeddable":true,"href":"https:\/\/zst-skarzysko.pl\/index.php?rest_route=%2Fwp%2Fv2%2Fcomments&post=4905"}],"version-history":[{"count":1,"href":"https:\/\/zst-skarzysko.pl\/index.php?rest_route=\/wp\/v2\/posts\/4905\/revisions"}],"predecessor-version":[{"id":4907,"href":"https:\/\/zst-skarzysko.pl\/index.php?rest_route=\/wp\/v2\/posts\/4905\/revisions\/4907"}],"wp:featuredmedia":[{"embeddable":true,"href":"https:\/\/zst-skarzysko.pl\/index.php?rest_route=\/wp\/v2\/media\/4906"}],"wp:attachment":[{"href":"https:\/\/zst-skarzysko.pl\/index.php?rest_route=%2Fwp%2Fv2%2Fmedia&parent=4905"}],"wp:term":[{"taxonomy":"category","embeddable":true,"href":"https:\/\/zst-skarzysko.pl\/index.php?rest_route=%2Fwp%2Fv2%2Fcategories&post=4905"},{"taxonomy":"post_tag","embeddable":true,"href":"https:\/\/zst-skarzysko.pl\/index.php?rest_route=%2Fwp%2Fv2%2Ftags&post=4905"}],"curies":[{"name":"wp","href":"https:\/\/api.w.org\/{rel}","templated":true}]}}