{"id":4796,"date":"2023-05-29T12:07:08","date_gmt":"2023-05-29T10:07:08","guid":{"rendered":"http:\/\/zst-skarzysko.pl\/?p=4796"},"modified":"2023-05-29T12:07:08","modified_gmt":"2023-05-29T10:07:08","slug":"akredytacja-wielki-sukces-szkoly","status":"publish","type":"post","link":"https:\/\/zst-skarzysko.pl\/?p=4796","title":{"rendered":"AKREDYTACJA \u2013 wielki sukces szko\u0142y!"},"content":{"rendered":"<p>Program Erasmus+ to jeden z filar\u00f3w dzia\u0142alno\u015bci Zespo\u0142u Szk\u00f3\u0142 Technicznych na rzecz podnoszenia jako\u015bci kszta\u0142cenia swoich uczni\u00f3w. Ju\u017c od 2007 roku, najpierw w programie Leonardo da Vinci, a p\u00f3\u017aniej Erasmus+ uczniowie popularnego ELEKTRYKA wyje\u017cd\u017caj\u0105 na sta\u017ce zagraniczne do kraj\u00f3w europejskich. W zagranicznych praktykach uczestniczy\u0142o ju\u017c ponad 600 uczni\u00f3w we wszystkich zawodach nauczanych w szkole, czyli technik informatyk, programista, elektryk, elektronik, technik budownictwa i technik fotografii i multimedi\u00f3w oraz szko\u0142y bran\u017cowej. \u00a0O wysokim poziomie realizowanych dzia\u0142a\u0144 edukacyjnych \u015bwiadczy nominacja w og\u00f3lnopolskim konkursie EDUINSPIRACJE 2020, w kt\u00f3rym szko\u0142a znalaz\u0142a si\u0119 gronie pi\u0119ciu wyr\u00f3\u017cnionych instytucji z ca\u0142ej Polski.<\/p>\n<p>Ale to nie koniec sukces\u00f3w projektowych \u2013 ZST otrzyma\u0142 w tym roku AKREDYTACJ\u0118 w sektorze Kszta\u0142cenie i szkolenia zawodowe (VET), co jest wyrazem uznania dla dzia\u0142alno\u015bci szko\u0142y i znakiem jako\u015bci realizowanych projekt\u00f3w. Oznacza to, \u017ce w latach 2023-2027 szko\u0142a b\u0119dzie realizowa\u0107 projekty w ramach programu Erasmus+, a na zagraniczne praktyki wyjedzie kolejnych 160 uczni\u00f3w.<\/p>\n<p>Zesp\u00f3\u0142 Szk\u00f3\u0142 Technicznych jest liderem w powiecie i wojew\u00f3dztwie w pozyskiwaniu funduszy na realizacj\u0119 projekt\u00f3w edukacyjnych \u2013 dzi\u0119ki sukcesom w konkursach projektowych szko\u0142a otrzyma\u0142a niebagateln\u0105 sum\u0119 ponad milion Euro (1\u00a0172 000 EURO), czyli ponad 5 milion\u00f3w z\u0142otych na projekty uczniowskie i 154\u00a0000 EURO (ponad 700\u00a0000 z\u0142otych) na kursy i szkolenia zagraniczne dla nauczycieli.<\/p>\n<p>Partnerami szko\u0142y w realizowanych projektach s\u0105 firmy prywatne, przedsi\u0119biorstwa i centra szkolenia praktycznego jak CINEL w Lizbonie czy Anna Gironella de Mundet w Barcelonie. W latach 2007-2023 uczniowie odbyli sta\u017ce w Portugalii, Hiszpanii, na Malcie, w Grecji, we W\u0142oszech, Wielkiej Brytanii, Niemczech i Chorwacji, a w kolejnych wyjazdach mo\u017ce wzi\u0105\u0107 udzia\u0142 ka\u017cdy ucze\u0144 szko\u0142y, kt\u00f3ry spe\u0142ni kryteria rekrutacyjne.<\/p>\n<p>Sta\u017ce zagraniczne to doskona\u0142a okazja do poznawania \u015bwiata oraz zwyczaj\u00f3w i kultury innego kraju\u00a0 oraz zdobywania do\u015bwiadcze\u0144 zawodowych i doskonalenia umiej\u0119tno\u015bci j\u0119zykowych, zgodnie z ide\u0105 uczenia si\u0119 przez ca\u0142e \u017cycie.<\/p>\n<p>&nbsp;<\/p>\n\n<!-- Buttons X - Start -->\n<style type=\"text\/css\" scoped>\/*1867-start*\/\n#btnsx-1867{margin-top:0px;margin-bottom:0px;margin-left:0px;margin-right:0px;padding-top:10px;padding-bottom:10px;padding-left:40px;padding-right:40px;}\n#btnsx-1867 .btnsx-text-primary{font-size:21px;line-height:21px;font-style:normal;color:#f7f7f7;padding-top:0px;padding-bottom:0px;padding-left:0px;padding-right:0px;}\n#btnsx-1867:hover .btnsx-text-primary{color:#777;}\n#btnsx-1867{background-color:#1e73be!important;}\n#btnsx-1867:hover{background-color:#2000f2!important;}\n#btnsx-1867{border-top-width:0px;border-bottom-width:0px;border-left-width:0px;border-right-width:0px;border-style:none;border-top-left-radius:0px;border-top-right-radius:0px;border-bottom-left-radius:0px;border-bottom-right-radius:0px;}\n#btnsx-1867:hover{border-top-width:0px;border-bottom-width:0px;border-left-width:0px;border-right-width:0px;border-style:none;border-top-left-radius:0px;border-top-right-radius:0px;border-bottom-left-radius:0px;border-bottom-right-radius:0px;}\n#btnsx-1867{-webkit-box-shadow:none;box-shadow:none;}\n#btnsx-1867:hover{-webkit-box-shadow:none;box-shadow:none;}\n\/*1867-end*\/\n<\/style>\n<a href=\"https:\/\/photos.app.goo.gl\/NXLRXnHagt36xiWm8\" id=\"btnsx-1867\" target=\"_blank\" class=\"btnsx-btn\" >\n\t<span class=\"btnsx-text-primary \">Zobacz album ze zdj\u0119ciami<\/span><\/a>\n\n<!-- Buttons X - End -->\n\n","protected":false},"excerpt":{"rendered":"<p>Program Erasmus+ to jeden z filar\u00f3w dzia\u0142alno\u015bci Zespo\u0142u Szk\u00f3\u0142 Technicznych na rzecz podnoszenia jako\u015bci kszta\u0142cenia swoich uczni\u00f3w. Ju\u017c od 2007 roku, najpierw w programie Leonardo [&hellip;]<\/p>\n","protected":false},"author":8,"featured_media":4797,"comment_status":"closed","ping_status":"closed","sticky":false,"template":"","format":"standard","meta":{"footnotes":"","_links_to":"","_links_to_target":""},"categories":[1],"tags":[],"class_list":["post-4796","post","type-post","status-publish","format-standard","has-post-thumbnail","hentry","category-bez-kategorii"],"_links":{"self":[{"href":"https:\/\/zst-skarzysko.pl\/index.php?rest_route=\/wp\/v2\/posts\/4796","targetHints":{"allow":["GET"]}}],"collection":[{"href":"https:\/\/zst-skarzysko.pl\/index.php?rest_route=\/wp\/v2\/posts"}],"about":[{"href":"https:\/\/zst-skarzysko.pl\/index.php?rest_route=\/wp\/v2\/types\/post"}],"author":[{"embeddable":true,"href":"https:\/\/zst-skarzysko.pl\/index.php?rest_route=\/wp\/v2\/users\/8"}],"replies":[{"embeddable":true,"href":"https:\/\/zst-skarzysko.pl\/index.php?rest_route=%2Fwp%2Fv2%2Fcomments&post=4796"}],"version-history":[{"count":1,"href":"https:\/\/zst-skarzysko.pl\/index.php?rest_route=\/wp\/v2\/posts\/4796\/revisions"}],"predecessor-version":[{"id":4798,"href":"https:\/\/zst-skarzysko.pl\/index.php?rest_route=\/wp\/v2\/posts\/4796\/revisions\/4798"}],"wp:featuredmedia":[{"embeddable":true,"href":"https:\/\/zst-skarzysko.pl\/index.php?rest_route=\/wp\/v2\/media\/4797"}],"wp:attachment":[{"href":"https:\/\/zst-skarzysko.pl\/index.php?rest_route=%2Fwp%2Fv2%2Fmedia&parent=4796"}],"wp:term":[{"taxonomy":"category","embeddable":true,"href":"https:\/\/zst-skarzysko.pl\/index.php?rest_route=%2Fwp%2Fv2%2Fcategories&post=4796"},{"taxonomy":"post_tag","embeddable":true,"href":"https:\/\/zst-skarzysko.pl\/index.php?rest_route=%2Fwp%2Fv2%2Ftags&post=4796"}],"curies":[{"name":"wp","href":"https:\/\/api.w.org\/{rel}","templated":true}]}}