{"id":4630,"date":"2023-03-05T09:02:56","date_gmt":"2023-03-05T08:02:56","guid":{"rendered":"http:\/\/zst-skarzysko.pl\/?p=4630"},"modified":"2023-03-21T09:31:57","modified_gmt":"2023-03-21T08:31:57","slug":"dzien-patrona","status":"publish","type":"post","link":"https:\/\/zst-skarzysko.pl\/?p=4630","title":{"rendered":"DZIE\u0143 PATRONA\u00a0"},"content":{"rendered":"<p class=\"x_MsoNormal\"><span class=\"x_ContentPasted0\">\u00a0\u00a0\u00a0\u00a0\u00a0\u00a03 marca 2023 roku upami\u0119tnili\u015bmy kolejn\u0105 rocznic\u0119 powstania Armii Krajowej, patrona naszej szko\u0142y oraz Narodowy Dzie\u0144 Pami\u0119ci \u017bo\u0142nierzy Wykl\u0119tych. Tego dnia uczestniczyli\u015bmy w uroczysto\u015bci po\u015bwi\u0119conej niez\u0142omnym bohaterom, niejednokrotnie zapomnianym\u00a0\u00a0przez histori\u0119. Wspominali\u015bmy nie tylko \u017co\u0142nierzy owianych legend\u0105, ale tak\u017ce tysi\u0105ce tych bezimiennych, kt\u00f3rzy z\u0142o\u017cyli swoje \u017cycie na o\u0142tarzu Ojczyzny. Chcieli\u015bmy ocali\u0107 pami\u0119\u0107 o tych, dzi\u0119ki kt\u00f3rym mo\u017cemy dzi\u015b \u017cy\u0107 w wolnym kraju\u00a0\u00a0i by\u0107 dumnymi Polakami. Poruszaj\u0105cy monta\u017c s\u0142owno-muzyczny oraz wyk\u0142ad zaproszonego go\u015bcia, Pana Marcina So\u0142tysiaka, historyka, pracownika Instytutu Pami\u0119ci Narodowej przypomnia\u0142y sylwetki \u017co\u0142nierzy Armii Krajowej- Antoniego Hedy \u201eSzarego\u201d, Danuty Siedzik\u00f3wny \u201eInki\u201d, Jana Piwnika \u201ePonurego\u201d i wielu innych. Nie zapomnieli\u015bmy r\u00f3wnie\u017c o\u00a0\u00a0podpu\u0142kowniku Henryku Czechu\u00a0\u00a0\u201e\u015amig\u0142ym\u201d, kt\u00f3ry cz\u0119sto go\u015bci\u0142 w\u015br\u00f3d nas, uczy\u0142 patriotyzmu i by\u0142 przyjacielem szko\u0142y. \u00a0<\/span><\/p>\n<p class=\"x_MsoNormal x_elementToProof\"><span class=\"x_ContentPasted0\">\u00a0\u00a0\u00a0\u00a0\u00a0\u00a0Podnios\u0142y nastr\u00f3j udzieli\u0142 si\u0119 wszystkim, kt\u00f3rzy w skupieniu s\u0142uchali strof poezji, pie\u015bni patriotycznych, ogl\u0105dali archiwalne zdj\u0119cia. Podczas akademii swoje zdolno\u015bci recytatorskie i wokalne zaprezentowali: Ida Jemielniak-kl.1TB, GabrielaWolska-kl.1TF, Eryk Szafraniec-kl.4TIP, Maciej Kowalczyk i Bartosz D\u0119bicki-kl.1TP. O opraw\u0119 muzyczn\u0105 zadba\u0142 pan Cezary Szymkiewicz. Ca\u0142o\u015b\u0107 przygotowa\u0142y- p. Ewelina Garbacz i Wioletta Jasi\u0144ska-Koch.<\/span><\/p>\n<p>&nbsp;<\/p>\n\n<!-- Buttons X - Start -->\n<style type=\"text\/css\" scoped>\/*1867-start*\/\n#btnsx-1867{margin-top:0px;margin-bottom:0px;margin-left:0px;margin-right:0px;padding-top:10px;padding-bottom:10px;padding-left:40px;padding-right:40px;}\n#btnsx-1867 .btnsx-text-primary{font-size:21px;line-height:21px;font-style:normal;color:#f7f7f7;padding-top:0px;padding-bottom:0px;padding-left:0px;padding-right:0px;}\n#btnsx-1867:hover .btnsx-text-primary{color:#777;}\n#btnsx-1867{background-color:#1e73be!important;}\n#btnsx-1867:hover{background-color:#2000f2!important;}\n#btnsx-1867{border-top-width:0px;border-bottom-width:0px;border-left-width:0px;border-right-width:0px;border-style:none;border-top-left-radius:0px;border-top-right-radius:0px;border-bottom-left-radius:0px;border-bottom-right-radius:0px;}\n#btnsx-1867:hover{border-top-width:0px;border-bottom-width:0px;border-left-width:0px;border-right-width:0px;border-style:none;border-top-left-radius:0px;border-top-right-radius:0px;border-bottom-left-radius:0px;border-bottom-right-radius:0px;}\n#btnsx-1867{-webkit-box-shadow:none;box-shadow:none;}\n#btnsx-1867:hover{-webkit-box-shadow:none;box-shadow:none;}\n\/*1867-end*\/\n<\/style>\n<a href=\"https:\/\/photos.app.goo.gl\/TXviLMiuDmq6XJdY9\" id=\"btnsx-1867\" target=\"_blank\" class=\"btnsx-btn\" >\n\t<span class=\"btnsx-text-primary \">Zobacz album ze zdj\u0119ciami<\/span><\/a>\n\n<!-- Buttons X - End -->\n\n<p>Autorami zdj\u0119\u0107 s\u0105: Agata Ka\u0142u\u017cy\u0144ska i Dominik Telec.<\/p>\n","protected":false},"excerpt":{"rendered":"<p>\u00a0\u00a0\u00a0\u00a0\u00a0\u00a03 marca 2023 roku upami\u0119tnili\u015bmy kolejn\u0105 rocznic\u0119 powstania Armii Krajowej, patrona naszej szko\u0142y oraz Narodowy Dzie\u0144 Pami\u0119ci \u017bo\u0142nierzy Wykl\u0119tych. Tego dnia uczestniczyli\u015bmy w uroczysto\u015bci po\u015bwi\u0119conej [&hellip;]<\/p>\n","protected":false},"author":8,"featured_media":4634,"comment_status":"closed","ping_status":"closed","sticky":false,"template":"","format":"standard","meta":{"footnotes":"","_links_to":"","_links_to_target":""},"categories":[1],"tags":[],"class_list":["post-4630","post","type-post","status-publish","format-standard","has-post-thumbnail","hentry","category-bez-kategorii"],"_links":{"self":[{"href":"https:\/\/zst-skarzysko.pl\/index.php?rest_route=\/wp\/v2\/posts\/4630","targetHints":{"allow":["GET"]}}],"collection":[{"href":"https:\/\/zst-skarzysko.pl\/index.php?rest_route=\/wp\/v2\/posts"}],"about":[{"href":"https:\/\/zst-skarzysko.pl\/index.php?rest_route=\/wp\/v2\/types\/post"}],"author":[{"embeddable":true,"href":"https:\/\/zst-skarzysko.pl\/index.php?rest_route=\/wp\/v2\/users\/8"}],"replies":[{"embeddable":true,"href":"https:\/\/zst-skarzysko.pl\/index.php?rest_route=%2Fwp%2Fv2%2Fcomments&post=4630"}],"version-history":[{"count":3,"href":"https:\/\/zst-skarzysko.pl\/index.php?rest_route=\/wp\/v2\/posts\/4630\/revisions"}],"predecessor-version":[{"id":4635,"href":"https:\/\/zst-skarzysko.pl\/index.php?rest_route=\/wp\/v2\/posts\/4630\/revisions\/4635"}],"wp:featuredmedia":[{"embeddable":true,"href":"https:\/\/zst-skarzysko.pl\/index.php?rest_route=\/wp\/v2\/media\/4634"}],"wp:attachment":[{"href":"https:\/\/zst-skarzysko.pl\/index.php?rest_route=%2Fwp%2Fv2%2Fmedia&parent=4630"}],"wp:term":[{"taxonomy":"category","embeddable":true,"href":"https:\/\/zst-skarzysko.pl\/index.php?rest_route=%2Fwp%2Fv2%2Fcategories&post=4630"},{"taxonomy":"post_tag","embeddable":true,"href":"https:\/\/zst-skarzysko.pl\/index.php?rest_route=%2Fwp%2Fv2%2Ftags&post=4630"}],"curies":[{"name":"wp","href":"https:\/\/api.w.org\/{rel}","templated":true}]}}