{"id":3999,"date":"2021-11-03T08:23:57","date_gmt":"2021-11-03T07:23:57","guid":{"rendered":"http:\/\/zst-skarzysko.pl\/?p=3999"},"modified":"2021-11-03T08:23:57","modified_gmt":"2021-11-03T07:23:57","slug":"pasowanie-klas-pierwszych","status":"publish","type":"post","link":"https:\/\/zst-skarzysko.pl\/?p=3999","title":{"rendered":"Pasowanie klas pierwszych"},"content":{"rendered":"<p><span style=\"font-family: arial, helvetica, sans-serif;\">7 pa\u017adziernika 2021 do spo\u0142eczno\u015bci szkolnej do\u0142\u0105czyli symbolicznie uczniowie klas pierwszych podczas uroczystego \u015blubowania.\u00a0<\/span><\/p>\n<p><span style=\"font-family: arial, helvetica, sans-serif;\">Zesp\u00f3\u0142 Szk\u00f3\u0142 Technicznych im. Armii Krajowej kultywuje pami\u0119\u0107 o bohaterach walcz\u0105cych o woln\u0105 Polsk\u0119 \u2013 tradycyjnym miejscem uroczysto\u015bci jest wojenny Cmentarz Partyzancki\u00a0 na stoku G\u00f3ry Skarbowej.<\/span><\/p>\n<p><span style=\"font-family: arial, helvetica, sans-serif;\">Uczniowie klas pierwszych wzi\u0119li tak\u017ce udzia\u0142 w rajdzie pieszym, a po pasowaniu &#8211; ognisko i pieczenie kie\u0142basy.<\/span><\/p>\n<p>&nbsp;<\/p>\n<p><span style=\"font-family: arial, helvetica, sans-serif;\">\n<!-- Buttons X - Start -->\n<style type=\"text\/css\" scoped>\/*1867-start*\/\n#btnsx-1867{margin-top:0px;margin-bottom:0px;margin-left:0px;margin-right:0px;padding-top:10px;padding-bottom:10px;padding-left:40px;padding-right:40px;}\n#btnsx-1867 .btnsx-text-primary{font-size:21px;line-height:21px;font-style:normal;color:#f7f7f7;padding-top:0px;padding-bottom:0px;padding-left:0px;padding-right:0px;}\n#btnsx-1867:hover .btnsx-text-primary{color:#777;}\n#btnsx-1867{background-color:#1e73be!important;}\n#btnsx-1867:hover{background-color:#2000f2!important;}\n#btnsx-1867{border-top-width:0px;border-bottom-width:0px;border-left-width:0px;border-right-width:0px;border-style:none;border-top-left-radius:0px;border-top-right-radius:0px;border-bottom-left-radius:0px;border-bottom-right-radius:0px;}\n#btnsx-1867:hover{border-top-width:0px;border-bottom-width:0px;border-left-width:0px;border-right-width:0px;border-style:none;border-top-left-radius:0px;border-top-right-radius:0px;border-bottom-left-radius:0px;border-bottom-right-radius:0px;}\n#btnsx-1867{-webkit-box-shadow:none;box-shadow:none;}\n#btnsx-1867:hover{-webkit-box-shadow:none;box-shadow:none;}\n\/*1867-end*\/\n<\/style>\n<a href=\"https:\/\/photos.app.goo.gl\/Bt31hmxCBbWbaoey9\" id=\"btnsx-1867\" target=\"_blank\" class=\"btnsx-btn\" >\n\t<span class=\"btnsx-text-primary \">Zobacz album ze zdj\u0119ciami<\/span><\/a>\n\n<!-- Buttons X - End -->\n<\/span><\/p>\n","protected":false},"excerpt":{"rendered":"<p>7 pa\u017adziernika 2021 do spo\u0142eczno\u015bci szkolnej do\u0142\u0105czyli symbolicznie uczniowie klas pierwszych podczas uroczystego \u015blubowania.\u00a0 Zesp\u00f3\u0142 Szk\u00f3\u0142 Technicznych im. Armii Krajowej kultywuje pami\u0119\u0107 o bohaterach walcz\u0105cych [&hellip;]<\/p>\n","protected":false},"author":8,"featured_media":4001,"comment_status":"closed","ping_status":"closed","sticky":false,"template":"","format":"standard","meta":{"footnotes":"","_links_to":"","_links_to_target":""},"categories":[1],"tags":[],"class_list":["post-3999","post","type-post","status-publish","format-standard","has-post-thumbnail","hentry","category-bez-kategorii"],"_links":{"self":[{"href":"https:\/\/zst-skarzysko.pl\/index.php?rest_route=\/wp\/v2\/posts\/3999","targetHints":{"allow":["GET"]}}],"collection":[{"href":"https:\/\/zst-skarzysko.pl\/index.php?rest_route=\/wp\/v2\/posts"}],"about":[{"href":"https:\/\/zst-skarzysko.pl\/index.php?rest_route=\/wp\/v2\/types\/post"}],"author":[{"embeddable":true,"href":"https:\/\/zst-skarzysko.pl\/index.php?rest_route=\/wp\/v2\/users\/8"}],"replies":[{"embeddable":true,"href":"https:\/\/zst-skarzysko.pl\/index.php?rest_route=%2Fwp%2Fv2%2Fcomments&post=3999"}],"version-history":[{"count":3,"href":"https:\/\/zst-skarzysko.pl\/index.php?rest_route=\/wp\/v2\/posts\/3999\/revisions"}],"predecessor-version":[{"id":4008,"href":"https:\/\/zst-skarzysko.pl\/index.php?rest_route=\/wp\/v2\/posts\/3999\/revisions\/4008"}],"wp:featuredmedia":[{"embeddable":true,"href":"https:\/\/zst-skarzysko.pl\/index.php?rest_route=\/wp\/v2\/media\/4001"}],"wp:attachment":[{"href":"https:\/\/zst-skarzysko.pl\/index.php?rest_route=%2Fwp%2Fv2%2Fmedia&parent=3999"}],"wp:term":[{"taxonomy":"category","embeddable":true,"href":"https:\/\/zst-skarzysko.pl\/index.php?rest_route=%2Fwp%2Fv2%2Fcategories&post=3999"},{"taxonomy":"post_tag","embeddable":true,"href":"https:\/\/zst-skarzysko.pl\/index.php?rest_route=%2Fwp%2Fv2%2Ftags&post=3999"}],"curies":[{"name":"wp","href":"https:\/\/api.w.org\/{rel}","templated":true}]}}