{"id":3994,"date":"2021-10-26T10:47:51","date_gmt":"2021-10-26T08:47:51","guid":{"rendered":"http:\/\/zst-skarzysko.pl\/?p=3994"},"modified":"2021-10-26T10:48:33","modified_gmt":"2021-10-26T08:48:33","slug":"oskar-bugala-uczen-klasy-2tfp-zajal-iii-miejsce-w-szkolnych-mistrzostwach-powiatu-szydlowieckiego-w-szachach","status":"publish","type":"post","link":"https:\/\/zst-skarzysko.pl\/?p=3994","title":{"rendered":"Oskar Buga\u0142a \u2013 ucze\u0144 klasy 2Tfp zaj\u0105\u0142 III miejsce w \u201eSzkolnych Mistrzostwach Powiatu Szyd\u0142owieckiego w Szachach\u201d"},"content":{"rendered":"<p><span style=\"font-family: arial, helvetica, sans-serif;\"><strong>Oskar wzi\u0105\u0142 udzia\u0142 w szachowym wydarzeniem roku w powiecie szyd\u0142owieckim, kt\u00f3re mia\u0142o miejsce 17 pa\u017adziernika 2021 roku. Mia\u0142o ono epokowy wymiar, poniewa\u017c po raz pierwszy\u00a0 w historii miasta zorganizowano i przeprowadzono mistrzowski turniej szachowy o takiej skali i zakresie.<\/strong><strong>\u00a0\u00a0\u00a0\u00a0\u00a0\u00a0\u00a0\u00a0\u00a0\u00a0\u00a0\u00a0\u00a0\u00a0\u00a0\u00a0\u00a0\u00a0\u00a0\u00a0\u00a0\u00a0\u00a0\u00a0\u00a0\u00a0\u00a0\u00a0\u00a0\u00a0\u00a0\u00a0\u00a0\u00a0\u00a0\u00a0\u00a0\u00a0\u00a0\u00a0\u00a0\u00a0\u00a0\u00a0\u00a0 \u00a0\u00a0\u00a0\u00a0\u00a0\u00a0\u00a0\u00a0\u00a0\u00a0\u00a0\u00a0\u00a0\u00a0\u00a0\u00a0\u00a0\u00a0\u00a0\u00a0\u00a0\u00a0\u00a0\u00a0\u00a0\u00a0\u00a0\u00a0\u00a0\u00a0\u00a0\u00a0\u00a0\u00a0\u00a0\u00a0\u00a0\u00a0\u00a0\u00a0\u00a0\u00a0\u00a0\u00a0\u00a0\u00a0\u00a0\u00a0\u00a0\u00a0\u00a0\u00a0\u00a0\u00a0\u00a0\u00a0\u00a0\u00a0\u00a0\u00a0\u00a0\u00a0\u00a0\u00a0\u00a0\u00a0\u00a0\u00a0\u00a0\u00a0\u00a0\u00a0\u00a0\u00a0\u00a0\u00a0\u00a0\u00a0\u00a0\u00a0\u00a0\u00a0\u00a0\u00a0\u00a0\u00a0\u00a0\u00a0\u00a0\u00a0\u00a0\u00a0\u00a0<\/strong><\/span><\/p>\n<p><span style=\"font-family: arial, helvetica, sans-serif;\">Fina\u0142owy turniej mistrzowski rozegrany w budynku Liceum Og\u00f3lnokszta\u0142c\u0105cego im. Henryka Sienkiewicza w Szyd\u0142owcu, poprzedza\u0142 cykl dziewi\u0119ciu turniej\u00f3w eliminacyjnych w formule mistrzostw szko\u0142y. Przeprowadzono go w najwi\u0119kszych plac\u00f3wkach edukacyjnych Powiatu Szyd\u0142owieckiego. W zawodach udzia\u0142 wzi\u0119\u0142o 172 uczni\u00f3w. Ka\u017cdy z turniej\u00f3w wy\u0142oni\u0142 mistrza szko\u0142y i kwalifikant\u00f3w stanowi\u0105cych jej reprezentacj\u0119 na szczeblu centralnym. Fina\u0142\u00a0 zgromadzi\u0142 blisko 50 os\u00f3b, z kt\u00f3rych ka\u017cda walczy\u0142a o tytu\u0142y indywidualne, ale tak\u017ce reprezentowa\u0142a swoj\u0105 szko\u0142\u0119 w utworzonych na u\u017cytek klasyfikacji dru\u017cynowej zespo\u0142ach. Rozegrano 7 rund tempem 10 min. + 5 sek. dla zawodnika, na parti\u0119. Zmagania trwa\u0142y cztery godziny.<\/span><\/p>\n","protected":false},"excerpt":{"rendered":"<p>Oskar wzi\u0105\u0142 udzia\u0142 w szachowym wydarzeniem roku w powiecie szyd\u0142owieckim, kt\u00f3re mia\u0142o miejsce 17 pa\u017adziernika 2021 roku. Mia\u0142o ono epokowy wymiar, poniewa\u017c po raz pierwszy\u00a0 [&hellip;]<\/p>\n","protected":false},"author":8,"featured_media":3995,"comment_status":"closed","ping_status":"closed","sticky":false,"template":"","format":"standard","meta":{"footnotes":"","_links_to":"","_links_to_target":""},"categories":[1],"tags":[],"class_list":["post-3994","post","type-post","status-publish","format-standard","has-post-thumbnail","hentry","category-bez-kategorii"],"_links":{"self":[{"href":"https:\/\/zst-skarzysko.pl\/index.php?rest_route=\/wp\/v2\/posts\/3994","targetHints":{"allow":["GET"]}}],"collection":[{"href":"https:\/\/zst-skarzysko.pl\/index.php?rest_route=\/wp\/v2\/posts"}],"about":[{"href":"https:\/\/zst-skarzysko.pl\/index.php?rest_route=\/wp\/v2\/types\/post"}],"author":[{"embeddable":true,"href":"https:\/\/zst-skarzysko.pl\/index.php?rest_route=\/wp\/v2\/users\/8"}],"replies":[{"embeddable":true,"href":"https:\/\/zst-skarzysko.pl\/index.php?rest_route=%2Fwp%2Fv2%2Fcomments&post=3994"}],"version-history":[{"count":2,"href":"https:\/\/zst-skarzysko.pl\/index.php?rest_route=\/wp\/v2\/posts\/3994\/revisions"}],"predecessor-version":[{"id":3997,"href":"https:\/\/zst-skarzysko.pl\/index.php?rest_route=\/wp\/v2\/posts\/3994\/revisions\/3997"}],"wp:featuredmedia":[{"embeddable":true,"href":"https:\/\/zst-skarzysko.pl\/index.php?rest_route=\/wp\/v2\/media\/3995"}],"wp:attachment":[{"href":"https:\/\/zst-skarzysko.pl\/index.php?rest_route=%2Fwp%2Fv2%2Fmedia&parent=3994"}],"wp:term":[{"taxonomy":"category","embeddable":true,"href":"https:\/\/zst-skarzysko.pl\/index.php?rest_route=%2Fwp%2Fv2%2Fcategories&post=3994"},{"taxonomy":"post_tag","embeddable":true,"href":"https:\/\/zst-skarzysko.pl\/index.php?rest_route=%2Fwp%2Fv2%2Ftags&post=3994"}],"curies":[{"name":"wp","href":"https:\/\/api.w.org\/{rel}","templated":true}]}}