{"id":3959,"date":"2021-09-28T08:13:51","date_gmt":"2021-09-28T06:13:51","guid":{"rendered":"http:\/\/zst-skarzysko.pl\/?p=3959"},"modified":"2021-09-28T08:18:26","modified_gmt":"2021-09-28T06:18:26","slug":"sw-stanislaw-kostka-patron-mlodziezy","status":"publish","type":"post","link":"https:\/\/zst-skarzysko.pl\/?p=3959","title":{"rendered":"\u015aw. Stanis\u0142aw Kostka- patron m\u0142odzie\u017cy"},"content":{"rendered":"<p><span style=\"font-family: arial, helvetica, sans-serif;\">17 wrze\u015bnia 2021 roku, w \u015bwi\u0119to patrona m\u0142odzie\u017cy \u2013 \u015bw. Stanis\u0142awa Kostki, odby\u0142a si\u0119 w parafii Naj\u015bwi\u0119tszego Serca Jezusowego Msza \u015awi\u0119ta. W Eucharystii uczestniczy\u0142a dyrekcja, nauczyciele i uczniowie Zespo\u0142u Szk\u00f3\u0142 Technicznych im. Armii Krajowej oraz II LO. Sprawuj\u0105cy Liturgi\u0119 ks. \u0141. Bia\u0142as \u2013 w czasie kazania przybli\u017cy\u0142 posta\u0107 \u015bw. Stanis\u0142awa Kostki urodzonego w grudniu 1550 r. w Rostkowie. Stanis\u0142aw by\u0142 wzorowym zakonnikiem, zachorowa\u0142 na malari\u0119 i zmar\u0142 15 sierpnia 1968r. Zdj\u0119cia wykona\u0142a uczennica klasy 1TF Justyna G\u0119bska.<\/span><\/p>\n\n<!-- Buttons X - Start -->\n<style type=\"text\/css\" scoped>\/*1867-start*\/\n#btnsx-1867{margin-top:0px;margin-bottom:0px;margin-left:0px;margin-right:0px;padding-top:10px;padding-bottom:10px;padding-left:40px;padding-right:40px;}\n#btnsx-1867 .btnsx-text-primary{font-size:21px;line-height:21px;font-style:normal;color:#f7f7f7;padding-top:0px;padding-bottom:0px;padding-left:0px;padding-right:0px;}\n#btnsx-1867:hover .btnsx-text-primary{color:#777;}\n#btnsx-1867{background-color:#1e73be!important;}\n#btnsx-1867:hover{background-color:#2000f2!important;}\n#btnsx-1867{border-top-width:0px;border-bottom-width:0px;border-left-width:0px;border-right-width:0px;border-style:none;border-top-left-radius:0px;border-top-right-radius:0px;border-bottom-left-radius:0px;border-bottom-right-radius:0px;}\n#btnsx-1867:hover{border-top-width:0px;border-bottom-width:0px;border-left-width:0px;border-right-width:0px;border-style:none;border-top-left-radius:0px;border-top-right-radius:0px;border-bottom-left-radius:0px;border-bottom-right-radius:0px;}\n#btnsx-1867{-webkit-box-shadow:none;box-shadow:none;}\n#btnsx-1867:hover{-webkit-box-shadow:none;box-shadow:none;}\n\/*1867-end*\/\n<\/style>\n<a href=\"https:\/\/photos.app.goo.gl\/TkS55jJaGEic9jED9\" id=\"btnsx-1867\" target=\"_blank\" class=\"btnsx-btn\" >\n\t<span class=\"btnsx-text-primary \">Zobacz album ze zdj\u0119ciami<\/span><\/a>\n\n<!-- Buttons X - End -->\n\n","protected":false},"excerpt":{"rendered":"<p>17 wrze\u015bnia 2021 roku, w \u015bwi\u0119to patrona m\u0142odzie\u017cy \u2013 \u015bw. Stanis\u0142awa Kostki, odby\u0142a si\u0119 w parafii Naj\u015bwi\u0119tszego Serca Jezusowego Msza \u015awi\u0119ta. W Eucharystii uczestniczy\u0142a dyrekcja, [&hellip;]<\/p>\n","protected":false},"author":8,"featured_media":3960,"comment_status":"closed","ping_status":"closed","sticky":false,"template":"","format":"standard","meta":{"footnotes":"","_links_to":"","_links_to_target":""},"categories":[1],"tags":[],"class_list":["post-3959","post","type-post","status-publish","format-standard","has-post-thumbnail","hentry","category-bez-kategorii"],"_links":{"self":[{"href":"https:\/\/zst-skarzysko.pl\/index.php?rest_route=\/wp\/v2\/posts\/3959","targetHints":{"allow":["GET"]}}],"collection":[{"href":"https:\/\/zst-skarzysko.pl\/index.php?rest_route=\/wp\/v2\/posts"}],"about":[{"href":"https:\/\/zst-skarzysko.pl\/index.php?rest_route=\/wp\/v2\/types\/post"}],"author":[{"embeddable":true,"href":"https:\/\/zst-skarzysko.pl\/index.php?rest_route=\/wp\/v2\/users\/8"}],"replies":[{"embeddable":true,"href":"https:\/\/zst-skarzysko.pl\/index.php?rest_route=%2Fwp%2Fv2%2Fcomments&post=3959"}],"version-history":[{"count":3,"href":"https:\/\/zst-skarzysko.pl\/index.php?rest_route=\/wp\/v2\/posts\/3959\/revisions"}],"predecessor-version":[{"id":3963,"href":"https:\/\/zst-skarzysko.pl\/index.php?rest_route=\/wp\/v2\/posts\/3959\/revisions\/3963"}],"wp:featuredmedia":[{"embeddable":true,"href":"https:\/\/zst-skarzysko.pl\/index.php?rest_route=\/wp\/v2\/media\/3960"}],"wp:attachment":[{"href":"https:\/\/zst-skarzysko.pl\/index.php?rest_route=%2Fwp%2Fv2%2Fmedia&parent=3959"}],"wp:term":[{"taxonomy":"category","embeddable":true,"href":"https:\/\/zst-skarzysko.pl\/index.php?rest_route=%2Fwp%2Fv2%2Fcategories&post=3959"},{"taxonomy":"post_tag","embeddable":true,"href":"https:\/\/zst-skarzysko.pl\/index.php?rest_route=%2Fwp%2Fv2%2Ftags&post=3959"}],"curies":[{"name":"wp","href":"https:\/\/api.w.org\/{rel}","templated":true}]}}