{"id":3946,"date":"2021-09-14T10:14:40","date_gmt":"2021-09-14T08:14:40","guid":{"rendered":"http:\/\/zst-skarzysko.pl\/?p=3946"},"modified":"2021-09-14T10:19:17","modified_gmt":"2021-09-14T08:19:17","slug":"dominik-telec-z-klasy-2tfp-wyrezyserowal-krotkometrazowy-film-fabularny","status":"publish","type":"post","link":"https:\/\/zst-skarzysko.pl\/?p=3946","title":{"rendered":"Dominik Telec z klasy 2Tfp wyre\u017cyserowa\u0142 kr\u00f3tkometra\u017cowy film fabularny!!!"},"content":{"rendered":"<p><span style=\"font-family: arial, helvetica, sans-serif;\">\u00a0\u00a0<\/span><\/p>\n<p><span style=\"font-family: arial, helvetica, sans-serif;\">\u00a0\u00a0 Prapremierowy pokaz filmu pt. \u201eLunula\u201d\u00a0 mia\u0142 miejsce\u00a0 w czwartek 26 sierpnia o godzinie 18:00\u00a0w Kinie Kultura Parku Kultury w Starachowicach.<\/span><\/p>\n<p><span style=\"font-family: arial, helvetica, sans-serif;\">Ten film powsta\u0142 podczas organizowanych na pocz\u0105tku wakacji p\u00f3\u0142kolonii filmowych. M\u0142odzie\u017c<br \/>\nw ramach projektu \u201eMoje miasto mnie kr\u0119ci\u201d Stowarzyszenia Promocji Talent\u00f3w nakr\u0119ci\u0142a film. Po premierze\u00a0 Dominik opowiedzia\u0142 o kulisach powstania filmu. Inspiracj\u0105 do filmu sta\u0142y si\u0119 legendy<br \/>\ni podania o \u015bwi\u0119tokrzyskich czarownicach i dawnych zwyczajach.\u00a0 W filmie mo\u017cna zauwa\u017cy\u0107 akcenty Hollywood&#8217;ckiego kina z nut\u0105 krymina\u0142u. Produkcja trzyma do ostatnich sekund w ci\u0105g\u0142ym napi\u0119ciu. Pierwsze recenzje go\u015bci prapremiery by\u0142y bardzo pozytywne i zaskakuj\u0105ce.<\/span><\/p>\n<p><span style=\"font-family: arial, helvetica, sans-serif;\">\u00a0<\/span><\/p>\n<p><span style=\"font-family: arial, helvetica, sans-serif;\">Wkr\u00f3tce odb\u0119dzie si\u0119 r\u00f3wnie\u017c premiera internetowa filmu LUNULA. Zapraszamy do ogl\u0105dania!<\/span><\/p>\n<p><span style=\"font-family: arial, helvetica, sans-serif;\">\u00a0\u00a0\u00a0\u00a0 Nast\u0119pnie pod koniec sierpnia Dominik wzi\u0105\u0142 \u00a0udzia\u0142 w konkursie fotograficznym \u201eFotografia na fotografii\u201d. I tu r\u00f3wnie\u017c osi\u0105gn\u0105\u0142 sukces zajmuj\u0105c III miejsce. Gratulujemy!!!<\/span><\/p>\n<p><img fetchpriority=\"high\" decoding=\"async\" class=\" wp-image-3949 aligncenter\" src=\"http:\/\/zst-skarzysko.pl\/wp-content\/uploads\/2021\/09\/240389601_4186666591423003_6002239606208095177_n-300x200.jpg\" alt=\"\" width=\"428\" height=\"285\" srcset=\"https:\/\/zst-skarzysko.pl\/wp-content\/uploads\/2021\/09\/240389601_4186666591423003_6002239606208095177_n-300x200.jpg 300w, https:\/\/zst-skarzysko.pl\/wp-content\/uploads\/2021\/09\/240389601_4186666591423003_6002239606208095177_n-768x512.jpg 768w, https:\/\/zst-skarzysko.pl\/wp-content\/uploads\/2021\/09\/240389601_4186666591423003_6002239606208095177_n.jpg 800w\" sizes=\"(max-width: 428px) 100vw, 428px\" \/><\/p>\n<p><span style=\"font-family: arial, helvetica, sans-serif;\">Zdj\u0119cia robi\u0142a Agata Ka\u0142u\u017cy\u0144ska te\u017c z tej klasy.<\/span><\/p>\n","protected":false},"excerpt":{"rendered":"<p>\u00a0\u00a0 \u00a0\u00a0 Prapremierowy pokaz filmu pt. \u201eLunula\u201d\u00a0 mia\u0142 miejsce\u00a0 w czwartek 26 sierpnia o godzinie 18:00\u00a0w Kinie Kultura Parku Kultury w Starachowicach. Ten film powsta\u0142 [&hellip;]<\/p>\n","protected":false},"author":8,"featured_media":3948,"comment_status":"closed","ping_status":"closed","sticky":false,"template":"","format":"standard","meta":{"footnotes":"","_links_to":"","_links_to_target":""},"categories":[1],"tags":[],"class_list":["post-3946","post","type-post","status-publish","format-standard","has-post-thumbnail","hentry","category-bez-kategorii"],"_links":{"self":[{"href":"https:\/\/zst-skarzysko.pl\/index.php?rest_route=\/wp\/v2\/posts\/3946","targetHints":{"allow":["GET"]}}],"collection":[{"href":"https:\/\/zst-skarzysko.pl\/index.php?rest_route=\/wp\/v2\/posts"}],"about":[{"href":"https:\/\/zst-skarzysko.pl\/index.php?rest_route=\/wp\/v2\/types\/post"}],"author":[{"embeddable":true,"href":"https:\/\/zst-skarzysko.pl\/index.php?rest_route=\/wp\/v2\/users\/8"}],"replies":[{"embeddable":true,"href":"https:\/\/zst-skarzysko.pl\/index.php?rest_route=%2Fwp%2Fv2%2Fcomments&post=3946"}],"version-history":[{"count":5,"href":"https:\/\/zst-skarzysko.pl\/index.php?rest_route=\/wp\/v2\/posts\/3946\/revisions"}],"predecessor-version":[{"id":3957,"href":"https:\/\/zst-skarzysko.pl\/index.php?rest_route=\/wp\/v2\/posts\/3946\/revisions\/3957"}],"wp:featuredmedia":[{"embeddable":true,"href":"https:\/\/zst-skarzysko.pl\/index.php?rest_route=\/wp\/v2\/media\/3948"}],"wp:attachment":[{"href":"https:\/\/zst-skarzysko.pl\/index.php?rest_route=%2Fwp%2Fv2%2Fmedia&parent=3946"}],"wp:term":[{"taxonomy":"category","embeddable":true,"href":"https:\/\/zst-skarzysko.pl\/index.php?rest_route=%2Fwp%2Fv2%2Fcategories&post=3946"},{"taxonomy":"post_tag","embeddable":true,"href":"https:\/\/zst-skarzysko.pl\/index.php?rest_route=%2Fwp%2Fv2%2Ftags&post=3946"}],"curies":[{"name":"wp","href":"https:\/\/api.w.org\/{rel}","templated":true}]}}