{"id":3822,"date":"2021-03-25T12:32:49","date_gmt":"2021-03-25T11:32:49","guid":{"rendered":"http:\/\/zst-skarzysko.pl\/?p=3822"},"modified":"2021-03-25T12:33:24","modified_gmt":"2021-03-25T11:33:24","slug":"rozstrzygniecie-konkursu-nasza-zima","status":"publish","type":"post","link":"https:\/\/zst-skarzysko.pl\/?p=3822","title":{"rendered":"Rozstrzygni\u0119cie konkursu &#8222;Nasza Zima&#8221;"},"content":{"rendered":"<p><span style=\"font-weight: 400; font-family: arial, helvetica, sans-serif;\">Dnia 18 marca 2021 r. odby\u0142o si\u0119 uroczyste wr\u0119czenie nagr\u00f3d dla uczestnik\u00f3w konkursu fotograficznego pod tytu\u0142em : \u201e Nasza-Zima\u201d.\u00a0 Za zaj\u0119cie pierwszego miejsca nagrod\u0119 otrzyma\u0142a &#8211; Patrycja \u015alizak z klasy 2TPF, drugie miejsce : Agata Ka\u0142u\u017cy\u0144ska z klasy 1TFP, trzecie miejsce : Karolina Minda z klasy 3TF. <\/span><\/p>\n<p><span style=\"font-weight: 400; font-family: arial, helvetica, sans-serif;\">Dodatkowo zosta\u0142y wyr\u00f3\u017cnione prace uczennic &#8211; Joanny Doma\u0144skiej z klasy 2TFE oraz Juli Korneckiej z klasy 3TF.\u00a0<\/span><\/p>\n<p><span style=\"font-weight: 400; font-family: arial, helvetica, sans-serif;\"> Nagrody wr\u0119czy\u0142 dyrektor szko\u0142y Janusz Maciejewski. Nagrody zosta\u0142y ufundowane przez studio fotografii \u201e Margaret\u201d. Gratulujemy zwyci\u0119zc\u0105 i dzi\u0119kujemy wszystkim uczestnikom konkursu oraz g\u0142osuj\u0105cym za udzia\u0142 w zabawie.<\/span><\/p>\n<p>&nbsp;<\/p>\n\n<!-- Buttons X - Start -->\n<style type=\"text\/css\" scoped>\/*1867-start*\/\n#btnsx-1867{margin-top:0px;margin-bottom:0px;margin-left:0px;margin-right:0px;padding-top:10px;padding-bottom:10px;padding-left:40px;padding-right:40px;}\n#btnsx-1867 .btnsx-text-primary{font-size:21px;line-height:21px;font-style:normal;color:#f7f7f7;padding-top:0px;padding-bottom:0px;padding-left:0px;padding-right:0px;}\n#btnsx-1867:hover .btnsx-text-primary{color:#777;}\n#btnsx-1867{background-color:#1e73be!important;}\n#btnsx-1867:hover{background-color:#2000f2!important;}\n#btnsx-1867{border-top-width:0px;border-bottom-width:0px;border-left-width:0px;border-right-width:0px;border-style:none;border-top-left-radius:0px;border-top-right-radius:0px;border-bottom-left-radius:0px;border-bottom-right-radius:0px;}\n#btnsx-1867:hover{border-top-width:0px;border-bottom-width:0px;border-left-width:0px;border-right-width:0px;border-style:none;border-top-left-radius:0px;border-top-right-radius:0px;border-bottom-left-radius:0px;border-bottom-right-radius:0px;}\n#btnsx-1867{-webkit-box-shadow:none;box-shadow:none;}\n#btnsx-1867:hover{-webkit-box-shadow:none;box-shadow:none;}\n\/*1867-end*\/\n<\/style>\n<a href=\"https:\/\/photos.app.goo.gl\/iZu9XqSXYYKFwin7A\" id=\"btnsx-1867\" target=\"_blank\" class=\"btnsx-btn\" >\n\t<span class=\"btnsx-text-primary \">Zobacz album ze zdj\u0119ciami<\/span><\/a>\n\n<!-- Buttons X - End -->\n\n","protected":false},"excerpt":{"rendered":"<p>Dnia 18 marca 2021 r. odby\u0142o si\u0119 uroczyste wr\u0119czenie nagr\u00f3d dla uczestnik\u00f3w konkursu fotograficznego pod tytu\u0142em : \u201e Nasza-Zima\u201d.\u00a0 Za zaj\u0119cie pierwszego miejsca nagrod\u0119 otrzyma\u0142a [&hellip;]<\/p>\n","protected":false},"author":8,"featured_media":3823,"comment_status":"closed","ping_status":"closed","sticky":false,"template":"","format":"standard","meta":{"footnotes":"","_links_to":"","_links_to_target":""},"categories":[1],"tags":[],"class_list":["post-3822","post","type-post","status-publish","format-standard","has-post-thumbnail","hentry","category-bez-kategorii"],"_links":{"self":[{"href":"https:\/\/zst-skarzysko.pl\/index.php?rest_route=\/wp\/v2\/posts\/3822","targetHints":{"allow":["GET"]}}],"collection":[{"href":"https:\/\/zst-skarzysko.pl\/index.php?rest_route=\/wp\/v2\/posts"}],"about":[{"href":"https:\/\/zst-skarzysko.pl\/index.php?rest_route=\/wp\/v2\/types\/post"}],"author":[{"embeddable":true,"href":"https:\/\/zst-skarzysko.pl\/index.php?rest_route=\/wp\/v2\/users\/8"}],"replies":[{"embeddable":true,"href":"https:\/\/zst-skarzysko.pl\/index.php?rest_route=%2Fwp%2Fv2%2Fcomments&post=3822"}],"version-history":[{"count":1,"href":"https:\/\/zst-skarzysko.pl\/index.php?rest_route=\/wp\/v2\/posts\/3822\/revisions"}],"predecessor-version":[{"id":3824,"href":"https:\/\/zst-skarzysko.pl\/index.php?rest_route=\/wp\/v2\/posts\/3822\/revisions\/3824"}],"wp:featuredmedia":[{"embeddable":true,"href":"https:\/\/zst-skarzysko.pl\/index.php?rest_route=\/wp\/v2\/media\/3823"}],"wp:attachment":[{"href":"https:\/\/zst-skarzysko.pl\/index.php?rest_route=%2Fwp%2Fv2%2Fmedia&parent=3822"}],"wp:term":[{"taxonomy":"category","embeddable":true,"href":"https:\/\/zst-skarzysko.pl\/index.php?rest_route=%2Fwp%2Fv2%2Fcategories&post=3822"},{"taxonomy":"post_tag","embeddable":true,"href":"https:\/\/zst-skarzysko.pl\/index.php?rest_route=%2Fwp%2Fv2%2Ftags&post=3822"}],"curies":[{"name":"wp","href":"https:\/\/api.w.org\/{rel}","templated":true}]}}