{"id":3809,"date":"2021-03-15T14:19:19","date_gmt":"2021-03-15T13:19:19","guid":{"rendered":"http:\/\/zst-skarzysko.pl\/?p=3809"},"modified":"2021-03-18T14:34:49","modified_gmt":"2021-03-18T13:34:49","slug":"dominik-telec-wyrozniony-w-konkursie","status":"publish","type":"post","link":"https:\/\/zst-skarzysko.pl\/?p=3809","title":{"rendered":"Dominik Telec wyr\u00f3\u017cniony w konkursie"},"content":{"rendered":"<p><span style=\"font-family: arial, helvetica, sans-serif;\">Dominik Telec z klasy 1Tfp zosta\u0142 wyr\u00f3\u017cniony\u00a0 w Og\u00f3lnopolskim Konkursie Fotograficznym Portret 2020\/2021.<\/span><br \/>\n<span style=\"font-family: arial, helvetica, sans-serif;\">Konkurs tematycznie dotyczy\u0142 portretu w szerokim rozumieniu tego s\u0142owa, technika nadsy\u0142anych prac by\u0142a dowolna . Mog\u0142y by\u0107 wykonane cyfrowo lub analogowo. Powinny ukazywa\u0107 cz\u0142owieka za pomoc\u0105 fotografii przy pe\u0142nej dowolno\u015bci interpretacyjnej.<\/span><br \/>\n<span style=\"font-family: arial, helvetica, sans-serif;\">W 13 edycji konkursu wzi\u0119\u0142o udzia\u0142\u00a0 11 326 os\u00f3b. Spo\u015br\u00f3d wszystkich zg\u0142osze\u0144 Jury wyr\u00f3\u017cni\u0142o najbardziej utalentowanych autor\u00f3w. W\u015br\u00f3d\u00a0 nich znalaz\u0142y si\u0119 prace Dominika. Gratulujemy!!!<\/span><\/p>\n<p><span style=\"font-family: arial, helvetica, sans-serif;\">Zapraszamy do obejrzenia prac Dominika<\/span><\/p>\n\n<!-- Buttons X - Start -->\n<style type=\"text\/css\" scoped>\/*1867-start*\/\n#btnsx-1867{margin-top:0px;margin-bottom:0px;margin-left:0px;margin-right:0px;padding-top:10px;padding-bottom:10px;padding-left:40px;padding-right:40px;}\n#btnsx-1867 .btnsx-text-primary{font-size:21px;line-height:21px;font-style:normal;color:#f7f7f7;padding-top:0px;padding-bottom:0px;padding-left:0px;padding-right:0px;}\n#btnsx-1867:hover .btnsx-text-primary{color:#777;}\n#btnsx-1867{background-color:#1e73be!important;}\n#btnsx-1867:hover{background-color:#2000f2!important;}\n#btnsx-1867{border-top-width:0px;border-bottom-width:0px;border-left-width:0px;border-right-width:0px;border-style:none;border-top-left-radius:0px;border-top-right-radius:0px;border-bottom-left-radius:0px;border-bottom-right-radius:0px;}\n#btnsx-1867:hover{border-top-width:0px;border-bottom-width:0px;border-left-width:0px;border-right-width:0px;border-style:none;border-top-left-radius:0px;border-top-right-radius:0px;border-bottom-left-radius:0px;border-bottom-right-radius:0px;}\n#btnsx-1867{-webkit-box-shadow:none;box-shadow:none;}\n#btnsx-1867:hover{-webkit-box-shadow:none;box-shadow:none;}\n\/*1867-end*\/\n<\/style>\n<a href=\"https:\/\/photos.app.goo.gl\/pzGQgeXEm2EYyE3o6\" id=\"btnsx-1867\" target=\"_blank\" class=\"btnsx-btn\" >\n\t<span class=\"btnsx-text-primary \">Zobacz album ze zdj\u0119ciami<\/span><\/a>\n\n<!-- Buttons X - End -->\n\n","protected":false},"excerpt":{"rendered":"<p>Dominik Telec z klasy 1Tfp zosta\u0142 wyr\u00f3\u017cniony\u00a0 w Og\u00f3lnopolskim Konkursie Fotograficznym Portret 2020\/2021. Konkurs tematycznie dotyczy\u0142 portretu w szerokim rozumieniu tego s\u0142owa, technika nadsy\u0142anych prac [&hellip;]<\/p>\n","protected":false},"author":8,"featured_media":3817,"comment_status":"closed","ping_status":"closed","sticky":false,"template":"","format":"standard","meta":{"footnotes":"","_links_to":"","_links_to_target":""},"categories":[1],"tags":[],"class_list":["post-3809","post","type-post","status-publish","format-standard","has-post-thumbnail","hentry","category-bez-kategorii"],"_links":{"self":[{"href":"https:\/\/zst-skarzysko.pl\/index.php?rest_route=\/wp\/v2\/posts\/3809","targetHints":{"allow":["GET"]}}],"collection":[{"href":"https:\/\/zst-skarzysko.pl\/index.php?rest_route=\/wp\/v2\/posts"}],"about":[{"href":"https:\/\/zst-skarzysko.pl\/index.php?rest_route=\/wp\/v2\/types\/post"}],"author":[{"embeddable":true,"href":"https:\/\/zst-skarzysko.pl\/index.php?rest_route=\/wp\/v2\/users\/8"}],"replies":[{"embeddable":true,"href":"https:\/\/zst-skarzysko.pl\/index.php?rest_route=%2Fwp%2Fv2%2Fcomments&post=3809"}],"version-history":[{"count":3,"href":"https:\/\/zst-skarzysko.pl\/index.php?rest_route=\/wp\/v2\/posts\/3809\/revisions"}],"predecessor-version":[{"id":3813,"href":"https:\/\/zst-skarzysko.pl\/index.php?rest_route=\/wp\/v2\/posts\/3809\/revisions\/3813"}],"wp:featuredmedia":[{"embeddable":true,"href":"https:\/\/zst-skarzysko.pl\/index.php?rest_route=\/wp\/v2\/media\/3817"}],"wp:attachment":[{"href":"https:\/\/zst-skarzysko.pl\/index.php?rest_route=%2Fwp%2Fv2%2Fmedia&parent=3809"}],"wp:term":[{"taxonomy":"category","embeddable":true,"href":"https:\/\/zst-skarzysko.pl\/index.php?rest_route=%2Fwp%2Fv2%2Fcategories&post=3809"},{"taxonomy":"post_tag","embeddable":true,"href":"https:\/\/zst-skarzysko.pl\/index.php?rest_route=%2Fwp%2Fv2%2Ftags&post=3809"}],"curies":[{"name":"wp","href":"https:\/\/api.w.org\/{rel}","templated":true}]}}