{"id":2772,"date":"2019-12-20T16:51:19","date_gmt":"2019-12-20T15:51:19","guid":{"rendered":"http:\/\/zst-skarzysko.pl\/?p=2772"},"modified":"2019-12-31T16:58:08","modified_gmt":"2019-12-31T15:58:08","slug":"kolejny-udany-projekt-juz-za-nami","status":"publish","type":"post","link":"https:\/\/zst-skarzysko.pl\/?p=2772","title":{"rendered":"KOLEJNY UDANY PROJEKT JU\u017b ZA NAMI!"},"content":{"rendered":"<p class=\"western\" align=\"justify\"><span style=\"font-family: Cambria, serif;\">Zako\u0144czy\u0142 si\u0119 kolejny projekt<\/span><u> <\/u><span style=\"font-family: Cambria, serif;\">sta\u017c\u00f3w dla uczni\u00f3w realizowany w ramach programu <\/span><span style=\"color: #222222;\"><span style=\"font-family: Cambria, serif;\"><i>Ponadnarodowa mobilno\u015b\u0107 uczni\u00f3w i absolwent\u00f3w oraz kadry kszta\u0142cenia zawodowego<\/i><\/span><\/span><span style=\"color: #222222;\"><span style=\"font-family: Cambria, serif;\">\u00a0ze \u015brodk\u00f3w Programu Operacyjnego WIEDZA EDUKACJA ROZW\u00d3J w latach 2017-2019. Na konferencji podsumowuj\u0105cej projekt w obecno\u015bci zaproszonych go\u015bci reprezentuj\u0105cych szko\u0142y powiatowe i Organ Prowadz\u0105cy rozdano certyfikaty i dokumenty Europass-Mobilno\u015b\u0107. Szczeg\u00f3lnym go\u015bciem uroczysto\u015bci by\u0142 pan Bruno Carromeu \u2013 prezydent firmy partnerskiej European Projects Development \u2013 kt\u00f3ra go\u015bci naszych uczni\u00f3w w Portugalii i Hiszpanii od 2013 roku i kt\u00f3ry otrzyma\u0142 honorowy tytu\u0142 PRZYJACIELA SZKO\u0141Y.<\/span><\/span><\/p>\n<p class=\"western\" align=\"justify\"><span style=\"font-family: Cambria, serif;\">Tytu\u0142 projektu brzmia\u0142 <\/span><span style=\"color: #222222;\"><span style=\"font-family: Cambria, serif;\"><i>\u201e<\/i><\/span><\/span><span style=\"color: #222222;\"><span style=\"font-family: Cambria, serif;\"><i>Praktyki zawodowe szans\u0105 na zdobycie dodatkowych kompetencji zawodowych<\/i><\/span><\/span><span style=\"color: #222222;\"><span style=\"font-family: Cambria, serif;\"><i>\u201d,<\/i><\/span><\/span><span style=\"color: #222222;\"><span style=\"font-family: Cambria, serif;\"> a beneficjentami projektu by\u0142o 64 uczni\u00f3w, kt\u00f3rzy odbyli praktyki zawodowe zagranic\u0105. <\/span><\/span><\/p>\n<p class=\"western\" align=\"justify\"><span style=\"color: #222222;\"><span style=\"font-family: Cambria, serif;\">W ramach projektu uczniowie we wszystkich zawodach kszta\u0142conych w ZST wyjechali do czterech kraj\u00f3w:<\/span><\/span><\/p>\n<p class=\"western\" align=\"justify\"><span style=\"color: #222222;\"><span style=\"font-family: Cambria, serif;\">&#8211; na Malt\u0119 \u2013 technik fotografii i multimedi\u00f3w (wrzesie\u0144 2018)<\/span><\/span><\/p>\n<p class=\"western\" align=\"justify\"><span style=\"color: #222222;\"><span style=\"font-family: Cambria, serif;\">&#8211; do W\u0142och \u2013 technik budownictwa, monter suchej zabudowy oraz technik elektryk (kwiecie\u0144 2019)<\/span><\/span><\/p>\n<p class=\"western\" align=\"justify\"><span style=\"color: #222222;\"><span style=\"font-family: Cambria, serif;\">&#8211; do Hiszpanii \u2013 technik informatyk, technik elektryk i elektronik (wrzesie\u0144 2019)<\/span><\/span><\/p>\n<p class=\"western\" align=\"justify\"><span style=\"color: #222222;\"><span style=\"font-family: Cambria, serif;\">&#8211; do Portugalii \u2013 technik budownictwa, monter suchej zabudowy oraz technik informatyk (pa\u017adziernik 2019).<\/span><\/span><\/p>\n<p class=\"western\" align=\"justify\"><span style=\"color: #222222;\"><span style=\"font-family: Cambria, serif;\">W ramach projektu uczniowie zdobywali kompetencje zawodowe w dziedzinie robotyki, programowania, fotografii, renowacji budynk\u00f3w\u00a0 \u00a0i projektowania instalacji elektrycznych, a tak\u017ce doskonalili umiej\u0119tno\u015bci j\u0119zykowe, pos\u0142uguj\u0105c si\u0119 j\u0119zykiem angielskim w pracy i nabywali kompetencje kulturowe, zwiedzaj\u0105c kraj.<\/span><\/span><\/p>\n<p class=\"western\" align=\"justify\"><span style=\"color: #222222;\"><span style=\"font-family: Cambria, serif;\">Swoimi do\u015bwiadczeniami podzielili si\u0119 po powrocie ze sta\u017cy z kolegami i kole\u017cankami ze szko\u0142y w ramach zaj\u0119\u0107 kole\u017ce\u0144skich i szkole\u0144, stworzyli s\u0142owniki terminologii fachowej oraz stron\u0119 internetow\u0105 projektu. Powsta\u0142a tak\u017ce wystawa zdj\u0119\u0107 ze sta\u017cu na Malcie, prezentowana w Miejskim Centrum Kultury, a wyniki projektu zaprezentowane zosta\u0142y podczas Powiatowego Dnia Techniki.<\/span><\/span><\/p>\n<p class=\"western\">\n<!-- Buttons X - Start -->\n<style type=\"text\/css\" scoped>\/*1867-start*\/\n#btnsx-1867{margin-top:0px;margin-bottom:0px;margin-left:0px;margin-right:0px;padding-top:10px;padding-bottom:10px;padding-left:40px;padding-right:40px;}\n#btnsx-1867 .btnsx-text-primary{font-size:21px;line-height:21px;font-style:normal;color:#f7f7f7;padding-top:0px;padding-bottom:0px;padding-left:0px;padding-right:0px;}\n#btnsx-1867:hover .btnsx-text-primary{color:#777;}\n#btnsx-1867{background-color:#1e73be!important;}\n#btnsx-1867:hover{background-color:#2000f2!important;}\n#btnsx-1867{border-top-width:0px;border-bottom-width:0px;border-left-width:0px;border-right-width:0px;border-style:none;border-top-left-radius:0px;border-top-right-radius:0px;border-bottom-left-radius:0px;border-bottom-right-radius:0px;}\n#btnsx-1867:hover{border-top-width:0px;border-bottom-width:0px;border-left-width:0px;border-right-width:0px;border-style:none;border-top-left-radius:0px;border-top-right-radius:0px;border-bottom-left-radius:0px;border-bottom-right-radius:0px;}\n#btnsx-1867{-webkit-box-shadow:none;box-shadow:none;}\n#btnsx-1867:hover{-webkit-box-shadow:none;box-shadow:none;}\n\/*1867-end*\/\n<\/style>\n<a href=\"https:\/\/photos.app.goo.gl\/NVdHLkr7AJe97S7o7\" id=\"btnsx-1867\" target=\"_blank\" class=\"btnsx-btn\" >\n\t<span class=\"btnsx-text-primary \">Zobacz album ze zdj\u0119ciami<\/span><\/a>\n\n<!-- Buttons X - End -->\n<\/p>\n","protected":false},"excerpt":{"rendered":"<p>Zako\u0144czy\u0142 si\u0119 kolejny projekt sta\u017c\u00f3w dla uczni\u00f3w realizowany w ramach programu Ponadnarodowa mobilno\u015b\u0107 uczni\u00f3w i absolwent\u00f3w oraz kadry kszta\u0142cenia zawodowego\u00a0ze \u015brodk\u00f3w Programu Operacyjnego WIEDZA EDUKACJA [&hellip;]<\/p>\n","protected":false},"author":8,"featured_media":2774,"comment_status":"closed","ping_status":"closed","sticky":false,"template":"","format":"standard","meta":{"footnotes":"","_links_to":"","_links_to_target":""},"categories":[1],"tags":[],"class_list":["post-2772","post","type-post","status-publish","format-standard","has-post-thumbnail","hentry","category-bez-kategorii"],"_links":{"self":[{"href":"https:\/\/zst-skarzysko.pl\/index.php?rest_route=\/wp\/v2\/posts\/2772","targetHints":{"allow":["GET"]}}],"collection":[{"href":"https:\/\/zst-skarzysko.pl\/index.php?rest_route=\/wp\/v2\/posts"}],"about":[{"href":"https:\/\/zst-skarzysko.pl\/index.php?rest_route=\/wp\/v2\/types\/post"}],"author":[{"embeddable":true,"href":"https:\/\/zst-skarzysko.pl\/index.php?rest_route=\/wp\/v2\/users\/8"}],"replies":[{"embeddable":true,"href":"https:\/\/zst-skarzysko.pl\/index.php?rest_route=%2Fwp%2Fv2%2Fcomments&post=2772"}],"version-history":[{"count":8,"href":"https:\/\/zst-skarzysko.pl\/index.php?rest_route=\/wp\/v2\/posts\/2772\/revisions"}],"predecessor-version":[{"id":2781,"href":"https:\/\/zst-skarzysko.pl\/index.php?rest_route=\/wp\/v2\/posts\/2772\/revisions\/2781"}],"wp:featuredmedia":[{"embeddable":true,"href":"https:\/\/zst-skarzysko.pl\/index.php?rest_route=\/wp\/v2\/media\/2774"}],"wp:attachment":[{"href":"https:\/\/zst-skarzysko.pl\/index.php?rest_route=%2Fwp%2Fv2%2Fmedia&parent=2772"}],"wp:term":[{"taxonomy":"category","embeddable":true,"href":"https:\/\/zst-skarzysko.pl\/index.php?rest_route=%2Fwp%2Fv2%2Fcategories&post=2772"},{"taxonomy":"post_tag","embeddable":true,"href":"https:\/\/zst-skarzysko.pl\/index.php?rest_route=%2Fwp%2Fv2%2Ftags&post=2772"}],"curies":[{"name":"wp","href":"https:\/\/api.w.org\/{rel}","templated":true}]}}