{"id":2336,"date":"2019-06-19T17:30:41","date_gmt":"2019-06-19T15:30:41","guid":{"rendered":"http:\/\/zst-skarzysko.pl\/?p=2336"},"modified":"2019-06-20T09:33:09","modified_gmt":"2019-06-20T07:33:09","slug":"zakonczenie-roku-szkolnego-2018-2019","status":"publish","type":"post","link":"https:\/\/zst-skarzysko.pl\/?p=2336","title":{"rendered":"Zako\u0144czenie roku szkolnego 2018\/2019"},"content":{"rendered":"<p><img decoding=\"async\" src=\"http:\/\/zst-skarzysko.pl\/wp-content\/uploads\/2019\/06\/DSC0236-2.jpg\" alt=\"Smiley face\"><br \/>\nDnia 19 czerwca 2019 r. w Zespole Szk\u00f3\u0142 Technicznych im. Armii Krajowej w Skar\u017cysku-Kamiennej odby\u0142o si\u0119 uroczyste zako\u0144czenie roku szkolnego 2018\/2019. Uroczysto\u015b\u0107 ta odby\u0142a si\u0119 na szkolnym kompleksie sportowym \u201eOrlik\u201d. W trakcie trwania uroczysto\u015bci Dyrektor Szko\u0142y Janusz Maciejewski wr\u0119czy\u0142 uczniom \u015bwiadectwa z wyr\u00f3\u017cnieniem oraz nagrody za r\u00f3\u017cne osi\u0105gni\u0119cia i udzia\u0142y w konkursach . Na zako\u0144czenie ca\u0142a spo\u0142eczno\u015b\u0107 szkolna podzi\u0119kowa\u0142a za wieloletni\u0105 wsp\u00f3\u0142prac\u0119 nauczycielowi  Bogdanowi Tatarskiemu, kt\u00f3ry w tym roku szkolnym odszed\u0142 na zas\u0142u\u017con\u0105 emerytur\u0119.  Nast\u0119pnie uczniowie udali si\u0119 do swoich klas, gdzie otrzymali od wychowawc\u00f3w \u015bwiadectwa.<\/p>\n<p>Wszystkim \u017cyczymy udanych wakacji.<\/p>\n<p>Zdj\u0119cia : uczniowie klasy 1TF<br \/>\n\n<!-- Buttons X - Start -->\n<style type=\"text\/css\" scoped>\/*1867-start*\/\n#btnsx-1867{margin-top:0px;margin-bottom:0px;margin-left:0px;margin-right:0px;padding-top:10px;padding-bottom:10px;padding-left:40px;padding-right:40px;}\n#btnsx-1867 .btnsx-text-primary{font-size:21px;line-height:21px;font-style:normal;color:#f7f7f7;padding-top:0px;padding-bottom:0px;padding-left:0px;padding-right:0px;}\n#btnsx-1867:hover .btnsx-text-primary{color:#777;}\n#btnsx-1867{background-color:#1e73be!important;}\n#btnsx-1867:hover{background-color:#2000f2!important;}\n#btnsx-1867{border-top-width:0px;border-bottom-width:0px;border-left-width:0px;border-right-width:0px;border-style:none;border-top-left-radius:0px;border-top-right-radius:0px;border-bottom-left-radius:0px;border-bottom-right-radius:0px;}\n#btnsx-1867:hover{border-top-width:0px;border-bottom-width:0px;border-left-width:0px;border-right-width:0px;border-style:none;border-top-left-radius:0px;border-top-right-radius:0px;border-bottom-left-radius:0px;border-bottom-right-radius:0px;}\n#btnsx-1867{-webkit-box-shadow:none;box-shadow:none;}\n#btnsx-1867:hover{-webkit-box-shadow:none;box-shadow:none;}\n\/*1867-end*\/\n<\/style>\n<a href=\"https:\/\/photos.app.goo.gl\/2tKqmPjRYBkP48ZD6\" id=\"btnsx-1867\" target=\"_blank\" class=\"btnsx-btn\" >\n\t<span class=\"btnsx-text-primary \">Zobacz album ze zdj\u0119ciami<\/span><\/a>\n\n<!-- Buttons X - End -->\n<\/p>\n","protected":false},"excerpt":{"rendered":"<p>Dnia 19 czerwca 2019 r. w Zespole Szk\u00f3\u0142 Technicznych im. Armii Krajowej w Skar\u017cysku-Kamiennej odby\u0142o si\u0119 uroczyste zako\u0144czenie roku szkolnego 2018\/2019. Uroczysto\u015b\u0107 ta odby\u0142a si\u0119 [&hellip;]<\/p>\n","protected":false},"author":8,"featured_media":2337,"comment_status":"closed","ping_status":"closed","sticky":false,"template":"","format":"standard","meta":{"footnotes":"","_links_to":"","_links_to_target":""},"categories":[1],"tags":[],"class_list":["post-2336","post","type-post","status-publish","format-standard","has-post-thumbnail","hentry","category-bez-kategorii"],"_links":{"self":[{"href":"https:\/\/zst-skarzysko.pl\/index.php?rest_route=\/wp\/v2\/posts\/2336","targetHints":{"allow":["GET"]}}],"collection":[{"href":"https:\/\/zst-skarzysko.pl\/index.php?rest_route=\/wp\/v2\/posts"}],"about":[{"href":"https:\/\/zst-skarzysko.pl\/index.php?rest_route=\/wp\/v2\/types\/post"}],"author":[{"embeddable":true,"href":"https:\/\/zst-skarzysko.pl\/index.php?rest_route=\/wp\/v2\/users\/8"}],"replies":[{"embeddable":true,"href":"https:\/\/zst-skarzysko.pl\/index.php?rest_route=%2Fwp%2Fv2%2Fcomments&post=2336"}],"version-history":[{"count":1,"href":"https:\/\/zst-skarzysko.pl\/index.php?rest_route=\/wp\/v2\/posts\/2336\/revisions"}],"predecessor-version":[{"id":2338,"href":"https:\/\/zst-skarzysko.pl\/index.php?rest_route=\/wp\/v2\/posts\/2336\/revisions\/2338"}],"wp:featuredmedia":[{"embeddable":true,"href":"https:\/\/zst-skarzysko.pl\/index.php?rest_route=\/wp\/v2\/media\/2337"}],"wp:attachment":[{"href":"https:\/\/zst-skarzysko.pl\/index.php?rest_route=%2Fwp%2Fv2%2Fmedia&parent=2336"}],"wp:term":[{"taxonomy":"category","embeddable":true,"href":"https:\/\/zst-skarzysko.pl\/index.php?rest_route=%2Fwp%2Fv2%2Fcategories&post=2336"},{"taxonomy":"post_tag","embeddable":true,"href":"https:\/\/zst-skarzysko.pl\/index.php?rest_route=%2Fwp%2Fv2%2Ftags&post=2336"}],"curies":[{"name":"wp","href":"https:\/\/api.w.org\/{rel}","templated":true}]}}