{"id":2327,"date":"2019-06-10T09:08:47","date_gmt":"2019-06-10T07:08:47","guid":{"rendered":"http:\/\/zst-skarzysko.pl\/?p=2327"},"modified":"2019-06-14T09:15:50","modified_gmt":"2019-06-14T07:15:50","slug":"1tf-na-plenerze-fotograficznym","status":"publish","type":"post","link":"https:\/\/zst-skarzysko.pl\/?p=2327","title":{"rendered":"1TF na plenerze fotograficznym"},"content":{"rendered":"<p><img decoding=\"async\" src=\" http:\/\/zst-skarzysko.pl\/wp-content\/uploads\/2019\/06\/fotografie-1.jpg\n\" alt=\"Smiley face\"><\/p>\n<p>Dnia 5.06.2019 klasa 1TF wybra\u0142a si\u0119 w ramach zaj\u0119\u0107 na plener fotograficzny do Kielc.<br \/>\nUczniowie wykonywali zdj\u0119cia pejza\u017cu miejskiego, architektury, przyrody. Staraj\u0105c si\u0119 uchwyci\u0107 charakterystyczne cechy przestrzeni miejskiej i nie tylko.<br \/>\nZdj\u0119cia : Kacper Adamczyk, Krzysztof B\u0142ach, Bartek Durazi\u0144ski, Kordian Go\u0142\u0119biowski, Patryk Derlatka, Julia Kornecka, Wiktoria Laskowska.<br \/>\n\n<!-- Buttons X - Start -->\n<style type=\"text\/css\" scoped>\/*1867-start*\/\n#btnsx-1867{margin-top:0px;margin-bottom:0px;margin-left:0px;margin-right:0px;padding-top:10px;padding-bottom:10px;padding-left:40px;padding-right:40px;}\n#btnsx-1867 .btnsx-text-primary{font-size:21px;line-height:21px;font-style:normal;color:#f7f7f7;padding-top:0px;padding-bottom:0px;padding-left:0px;padding-right:0px;}\n#btnsx-1867:hover .btnsx-text-primary{color:#777;}\n#btnsx-1867{background-color:#1e73be!important;}\n#btnsx-1867:hover{background-color:#2000f2!important;}\n#btnsx-1867{border-top-width:0px;border-bottom-width:0px;border-left-width:0px;border-right-width:0px;border-style:none;border-top-left-radius:0px;border-top-right-radius:0px;border-bottom-left-radius:0px;border-bottom-right-radius:0px;}\n#btnsx-1867:hover{border-top-width:0px;border-bottom-width:0px;border-left-width:0px;border-right-width:0px;border-style:none;border-top-left-radius:0px;border-top-right-radius:0px;border-bottom-left-radius:0px;border-bottom-right-radius:0px;}\n#btnsx-1867{-webkit-box-shadow:none;box-shadow:none;}\n#btnsx-1867:hover{-webkit-box-shadow:none;box-shadow:none;}\n\/*1867-end*\/\n<\/style>\n<a href=\"https:\/\/photos.app.goo.gl\/9oBVfrfCjcDdRMnS9\" id=\"btnsx-1867\" target=\"_blank\" class=\"btnsx-btn\" >\n\t<span class=\"btnsx-text-primary \">Zobacz album ze zdj\u0119ciami<\/span><\/a>\n\n<!-- Buttons X - End -->\n<\/p>\n","protected":false},"excerpt":{"rendered":"<p>Dnia 5.06.2019 klasa 1TF wybra\u0142a si\u0119 w ramach zaj\u0119\u0107 na plener fotograficzny do Kielc. Uczniowie wykonywali zdj\u0119cia pejza\u017cu miejskiego, architektury, przyrody. Staraj\u0105c si\u0119 uchwyci\u0107 charakterystyczne [&hellip;]<\/p>\n","protected":false},"author":8,"featured_media":2328,"comment_status":"closed","ping_status":"closed","sticky":false,"template":"","format":"standard","meta":{"footnotes":"","_links_to":"","_links_to_target":""},"categories":[1],"tags":[],"class_list":["post-2327","post","type-post","status-publish","format-standard","has-post-thumbnail","hentry","category-bez-kategorii"],"_links":{"self":[{"href":"https:\/\/zst-skarzysko.pl\/index.php?rest_route=\/wp\/v2\/posts\/2327","targetHints":{"allow":["GET"]}}],"collection":[{"href":"https:\/\/zst-skarzysko.pl\/index.php?rest_route=\/wp\/v2\/posts"}],"about":[{"href":"https:\/\/zst-skarzysko.pl\/index.php?rest_route=\/wp\/v2\/types\/post"}],"author":[{"embeddable":true,"href":"https:\/\/zst-skarzysko.pl\/index.php?rest_route=\/wp\/v2\/users\/8"}],"replies":[{"embeddable":true,"href":"https:\/\/zst-skarzysko.pl\/index.php?rest_route=%2Fwp%2Fv2%2Fcomments&post=2327"}],"version-history":[{"count":2,"href":"https:\/\/zst-skarzysko.pl\/index.php?rest_route=\/wp\/v2\/posts\/2327\/revisions"}],"predecessor-version":[{"id":2330,"href":"https:\/\/zst-skarzysko.pl\/index.php?rest_route=\/wp\/v2\/posts\/2327\/revisions\/2330"}],"wp:featuredmedia":[{"embeddable":true,"href":"https:\/\/zst-skarzysko.pl\/index.php?rest_route=\/wp\/v2\/media\/2328"}],"wp:attachment":[{"href":"https:\/\/zst-skarzysko.pl\/index.php?rest_route=%2Fwp%2Fv2%2Fmedia&parent=2327"}],"wp:term":[{"taxonomy":"category","embeddable":true,"href":"https:\/\/zst-skarzysko.pl\/index.php?rest_route=%2Fwp%2Fv2%2Fcategories&post=2327"},{"taxonomy":"post_tag","embeddable":true,"href":"https:\/\/zst-skarzysko.pl\/index.php?rest_route=%2Fwp%2Fv2%2Ftags&post=2327"}],"curies":[{"name":"wp","href":"https:\/\/api.w.org\/{rel}","templated":true}]}}