{"id":2321,"date":"2019-06-04T13:20:15","date_gmt":"2019-06-04T11:20:15","guid":{"rendered":"http:\/\/zst-skarzysko.pl\/?p=2321"},"modified":"2019-06-10T13:23:32","modified_gmt":"2019-06-10T11:23:32","slug":"plener-fotograficzny-klasy-2tf","status":"publish","type":"post","link":"https:\/\/zst-skarzysko.pl\/?p=2321","title":{"rendered":"Plener fotograficzny klasy 2TF"},"content":{"rendered":"<p><img decoding=\"async\" src=\"http:\/\/zst-skarzysko.pl\/wp-content\/uploads\/2019\/06\/DSC_0012.jpg\" alt=\"Smiley face\"><\/p>\n<p>Dnia 20. 05. 2019  klasa 2 TF wybra\u0142a  si\u0119 w ramach zaj\u0119\u0107 na plener fotograficzny do Kielc. Uczniowie  zwiedzali miasto , wykonywali fotografie architektoniczne , krajobrazowe i panoramiczne .  Fotografowali Pa\u0142ac  Biskup\u00f3w Krakowskich , Ogrody W\u0142oskie , ulice H.  Sienkiewicza oraz Park Miejski im. Stanis\u0142awa Staszica.<br \/>\nPod koniec wycieczki uczniowie wraz z opiekunami wybrali si\u0119 na obiad.<br \/>\nTekst : Roksana Miko\u0142ajczuk , Karolina Zuba<br \/>\nzdj\u0119cia : Dominika P\u0142usa , Kamil Kaczmarczyk , Wiktor Dwojak , Kacper Kloch  Kuba Herka , Krystian Domaga\u0142a<\/p>\n\n<!-- Buttons X - Start -->\n<style type=\"text\/css\" scoped>\/*1867-start*\/\n#btnsx-1867{margin-top:0px;margin-bottom:0px;margin-left:0px;margin-right:0px;padding-top:10px;padding-bottom:10px;padding-left:40px;padding-right:40px;}\n#btnsx-1867 .btnsx-text-primary{font-size:21px;line-height:21px;font-style:normal;color:#f7f7f7;padding-top:0px;padding-bottom:0px;padding-left:0px;padding-right:0px;}\n#btnsx-1867:hover .btnsx-text-primary{color:#777;}\n#btnsx-1867{background-color:#1e73be!important;}\n#btnsx-1867:hover{background-color:#2000f2!important;}\n#btnsx-1867{border-top-width:0px;border-bottom-width:0px;border-left-width:0px;border-right-width:0px;border-style:none;border-top-left-radius:0px;border-top-right-radius:0px;border-bottom-left-radius:0px;border-bottom-right-radius:0px;}\n#btnsx-1867:hover{border-top-width:0px;border-bottom-width:0px;border-left-width:0px;border-right-width:0px;border-style:none;border-top-left-radius:0px;border-top-right-radius:0px;border-bottom-left-radius:0px;border-bottom-right-radius:0px;}\n#btnsx-1867{-webkit-box-shadow:none;box-shadow:none;}\n#btnsx-1867:hover{-webkit-box-shadow:none;box-shadow:none;}\n\/*1867-end*\/\n<\/style>\n<a href=\"https:\/\/photos.app.goo.gl\/e5YPi2YZK5Y5iC978\" id=\"btnsx-1867\" target=\"_blank\" class=\"btnsx-btn\" >\n\t<span class=\"btnsx-text-primary \">Zobacz album ze zdj\u0119ciami<\/span><\/a>\n\n<!-- Buttons X - End -->\n\n","protected":false},"excerpt":{"rendered":"<p>Dnia 20. 05. 2019 klasa 2 TF wybra\u0142a si\u0119 w ramach zaj\u0119\u0107 na plener fotograficzny do Kielc. Uczniowie zwiedzali miasto , wykonywali fotografie architektoniczne , [&hellip;]<\/p>\n","protected":false},"author":8,"featured_media":2320,"comment_status":"closed","ping_status":"closed","sticky":false,"template":"","format":"standard","meta":{"footnotes":"","_links_to":"","_links_to_target":""},"categories":[1],"tags":[],"class_list":["post-2321","post","type-post","status-publish","format-standard","has-post-thumbnail","hentry","category-bez-kategorii"],"_links":{"self":[{"href":"https:\/\/zst-skarzysko.pl\/index.php?rest_route=\/wp\/v2\/posts\/2321","targetHints":{"allow":["GET"]}}],"collection":[{"href":"https:\/\/zst-skarzysko.pl\/index.php?rest_route=\/wp\/v2\/posts"}],"about":[{"href":"https:\/\/zst-skarzysko.pl\/index.php?rest_route=\/wp\/v2\/types\/post"}],"author":[{"embeddable":true,"href":"https:\/\/zst-skarzysko.pl\/index.php?rest_route=\/wp\/v2\/users\/8"}],"replies":[{"embeddable":true,"href":"https:\/\/zst-skarzysko.pl\/index.php?rest_route=%2Fwp%2Fv2%2Fcomments&post=2321"}],"version-history":[{"count":3,"href":"https:\/\/zst-skarzysko.pl\/index.php?rest_route=\/wp\/v2\/posts\/2321\/revisions"}],"predecessor-version":[{"id":2324,"href":"https:\/\/zst-skarzysko.pl\/index.php?rest_route=\/wp\/v2\/posts\/2321\/revisions\/2324"}],"wp:featuredmedia":[{"embeddable":true,"href":"https:\/\/zst-skarzysko.pl\/index.php?rest_route=\/wp\/v2\/media\/2320"}],"wp:attachment":[{"href":"https:\/\/zst-skarzysko.pl\/index.php?rest_route=%2Fwp%2Fv2%2Fmedia&parent=2321"}],"wp:term":[{"taxonomy":"category","embeddable":true,"href":"https:\/\/zst-skarzysko.pl\/index.php?rest_route=%2Fwp%2Fv2%2Fcategories&post=2321"},{"taxonomy":"post_tag","embeddable":true,"href":"https:\/\/zst-skarzysko.pl\/index.php?rest_route=%2Fwp%2Fv2%2Ftags&post=2321"}],"curies":[{"name":"wp","href":"https:\/\/api.w.org\/{rel}","templated":true}]}}