{"id":1933,"date":"2018-12-16T17:01:47","date_gmt":"2018-12-16T16:01:47","guid":{"rendered":"http:\/\/zst-skarzysko.pl\/?p=1933"},"modified":"2018-12-16T17:04:32","modified_gmt":"2018-12-16T16:04:32","slug":"zapraszamy-na-warsztaty","status":"publish","type":"post","link":"https:\/\/zst-skarzysko.pl\/?p=1933","title":{"rendered":"Zapraszamy na warsztaty"},"content":{"rendered":"<p>18 grudnia 2018 r. w Zespole Szk\u00f3\u0142 Technicznych im. Armii Krajowej<br \/>\nw Skar\u017cysku Kamiennej odb\u0119d\u0105 si\u0119 mi\u0119dzyszkolne warsztaty zatytu\u0142owane \u201eFilm Animowany z Filmotek\u0105 Szkoln\u0105\u201d.<\/p>\n<p>W programie:<\/p>\n<p>&#8211; kr\u00f3tka historia filmu animowanego,<\/p>\n<p>&#8211; prezentacja wybranych tytu\u0142\u00f3w z Filmoteki Szkolnej,<\/p>\n<p>&#8211; zasady tworzenia animacji poklatkowej,<\/p>\n<p>&#8211; realizacja film\u00f3w animowanych przez uczestnik\u00f3w.<\/p>\n<p>Zapraszamy uczni\u00f3w ze Skar\u017cyska Kamiennej zainteresowanych tworzeniem i analiz\u0105 film\u00f3w animowanych.<\/p>\n<p style=\"text-align: center;\">Liczba miejsc ograniczona.<\/p>\n<p>Zg\u0142oszenia mo\u017cna przesy\u0142a\u0107 poprzez formularz dost\u0119pny pod adresem: <a class=\"yt-simple-endpoint style-scope yt-formatted-string\" spellcheck=\"false\" href=\"https:\/\/www.youtube.com\/redirect?event=video_description&amp;v=vMCOGYL-Nn4&amp;redir_token=OKRHTdIKWNSdr3ou23oj03rte7x8MTU0NTA2MjAxNUAxNTQ0OTc1NjE1&amp;q=https%3A%2F%2Fgoo.gl%2Fforms%2FzEfBbdQ4lvVyUVGG3\" rel=\"nofollow\">https:\/\/goo.gl\/forms\/zEfBbdQ4lvVyUVGG3<\/a><\/p>\n<p>W warsztatach, kt\u00f3re rozpoczn\u0105 si\u0119 o godz. 10.00 a zako\u0144cz\u0105 si\u0119 oko\u0142o godz. 15.00, we\u017amie udzia\u0142 20 uczni\u00f3w r\u00f3\u017cnych szk\u00f3\u0142, kt\u00f3rzy zg\u0142osz\u0105 si\u0119 do 17 grudnia. O zakwalifikowaniu si\u0119 zostan\u0105 poinformowani za po\u015brednictwem e-maila. Zaj\u0119cia poprowadzi Jaros\u0142aw Basaj, Lider Filmoteki Szkolnej.<\/p>\n<p>( www.filmotekaszkolna.pl ) Uczestnicy otrzymaj\u0105 dyplomy potwierdzaj\u0105ce udzia\u0142 w warsztatach. Warsztaty zorganizowane s\u0105 w ramach og\u00f3lnopolskiego programu edukacji filmowej Filmoteka Szkolna we wsp\u00f3\u0142pracy z Filmotek\u0105 Narodow\u0105 \u2013 Instytutem Audiowizualnym przy wsparciu Polskiego Instytutu Sztuki Filmowej.<\/p>\n<p>&nbsp;<\/p>\n<p><iframe title=\"Film Animowany z Filmotek\u0105 Szkoln\u0105, 18 grudnia 2018 r., Skar\u017cysko Kamienna\" width=\"1200\" height=\"900\" src=\"https:\/\/www.youtube.com\/embed\/vMCOGYL-Nn4?feature=oembed\" frameborder=\"0\" allow=\"accelerometer; autoplay; clipboard-write; encrypted-media; gyroscope; picture-in-picture; web-share\" referrerpolicy=\"strict-origin-when-cross-origin\" allowfullscreen><\/iframe><\/p>\n","protected":false},"excerpt":{"rendered":"<p>18 grudnia 2018 r. w Zespole Szk\u00f3\u0142 Technicznych im. Armii Krajowej w Skar\u017cysku Kamiennej odb\u0119d\u0105 si\u0119 mi\u0119dzyszkolne warsztaty zatytu\u0142owane \u201eFilm Animowany z Filmotek\u0105 Szkoln\u0105\u201d. W [&hellip;]<\/p>\n","protected":false},"author":8,"featured_media":1935,"comment_status":"closed","ping_status":"closed","sticky":false,"template":"","format":"standard","meta":{"footnotes":"","_links_to":"","_links_to_target":""},"categories":[1],"tags":[],"class_list":["post-1933","post","type-post","status-publish","format-standard","has-post-thumbnail","hentry","category-bez-kategorii"],"_links":{"self":[{"href":"https:\/\/zst-skarzysko.pl\/index.php?rest_route=\/wp\/v2\/posts\/1933","targetHints":{"allow":["GET"]}}],"collection":[{"href":"https:\/\/zst-skarzysko.pl\/index.php?rest_route=\/wp\/v2\/posts"}],"about":[{"href":"https:\/\/zst-skarzysko.pl\/index.php?rest_route=\/wp\/v2\/types\/post"}],"author":[{"embeddable":true,"href":"https:\/\/zst-skarzysko.pl\/index.php?rest_route=\/wp\/v2\/users\/8"}],"replies":[{"embeddable":true,"href":"https:\/\/zst-skarzysko.pl\/index.php?rest_route=%2Fwp%2Fv2%2Fcomments&post=1933"}],"version-history":[{"count":2,"href":"https:\/\/zst-skarzysko.pl\/index.php?rest_route=\/wp\/v2\/posts\/1933\/revisions"}],"predecessor-version":[{"id":1936,"href":"https:\/\/zst-skarzysko.pl\/index.php?rest_route=\/wp\/v2\/posts\/1933\/revisions\/1936"}],"wp:featuredmedia":[{"embeddable":true,"href":"https:\/\/zst-skarzysko.pl\/index.php?rest_route=\/wp\/v2\/media\/1935"}],"wp:attachment":[{"href":"https:\/\/zst-skarzysko.pl\/index.php?rest_route=%2Fwp%2Fv2%2Fmedia&parent=1933"}],"wp:term":[{"taxonomy":"category","embeddable":true,"href":"https:\/\/zst-skarzysko.pl\/index.php?rest_route=%2Fwp%2Fv2%2Fcategories&post=1933"},{"taxonomy":"post_tag","embeddable":true,"href":"https:\/\/zst-skarzysko.pl\/index.php?rest_route=%2Fwp%2Fv2%2Ftags&post=1933"}],"curies":[{"name":"wp","href":"https:\/\/api.w.org\/{rel}","templated":true}]}}