{"id":1098,"date":"2017-11-14T23:54:48","date_gmt":"2017-11-14T22:54:48","guid":{"rendered":"http:\/\/zst-skarzysko.pl\/?p=1098"},"modified":"2017-11-15T00:13:19","modified_gmt":"2017-11-14T23:13:19","slug":"technik-na-obchodach-narodowego-swieta-niepodleglosci","status":"publish","type":"post","link":"https:\/\/zst-skarzysko.pl\/?p=1098","title":{"rendered":"Technik na obchodach Narodowego \u015awi\u0119ta Niepodleg\u0142o\u015bci"},"content":{"rendered":"<p>W sobot\u0119 11 listopada, w Skar\u017cysku-Kamiennej odby\u0142y si\u0119 uroczysto\u015bci zwi\u0105zane z obchodami 99. rocznicy odzyskania przez Polsk\u0119 niepodleg\u0142o\u015bci. Obchody Narodowego \u015awi\u0119ta Niepodleg\u0142o\u015bci w Skar\u017cysku Kamiennej rozpocz\u0119\u0142y si\u0119 od Mszy \u015bw. za Ojczyzn\u0119 w ko\u015bciele pw. \u015bw. J\u00f3zefa Oblubie\u0144ca NMP. P\u00f3\u017aniej wszyscy przemaszerowali ulic\u0105 Legion\u00f3w pod pomnik \u201eBohaterom o Niepodleg\u0142o\u015b\u0107\u201d na Skwerze Solidarno\u015bci, by odda\u0107 ho\u0142d pami\u0119ci tych pokole\u0144, kt\u00f3re walczy\u0142y o odbudow\u0119 niepodleg\u0142ej Polski. Nasz\u0105 szko\u0142\u0119 reprezentowa\u0142 Dyrektor Szko\u0142y Janusz Maciejewski, Jacek Bryzik, Kinga Sikora, Julia Herbut, Piotr Ja\u015bkiewicz i Dariusz Maciejewski. <\/p>\n<p style=\"text-align: right;\">\n<!-- Buttons X - Start -->\n<style type=\"text\/css\" scoped>\/*484-start*\/\n#btnsx-484{margin-top:0px;margin-bottom:0px;margin-left:0px;margin-right:0px;padding-top:10px;padding-bottom:10px;padding-left:40px;padding-right:40px;}\n#btnsx-484 .btnsx-text-primary{font-size:21px;line-height:21px;font-family:Inherit;color:#ffffff;padding-top:0px;padding-bottom:0px;padding-left:0px;padding-right:0px;}\n#btnsx-484:hover .btnsx-text-primary{color:#ffffff;}\n#btnsx-484{background-color:#2e93cd!important;}\n#btnsx-484:hover{background-color:#1488cc!important;}\n#btnsx-484{border-top-width:0px;border-bottom-width:0px;border-left-width:0px;border-right-width:0px;border-style:none;border-top-left-radius:0px;border-top-right-radius:0px;border-bottom-left-radius:0px;border-bottom-right-radius:0px;}\n#btnsx-484:hover{border-top-width:0px;border-bottom-width:0px;border-left-width:0px;border-right-width:0px;border-style:none;border-top-left-radius:0px;border-top-right-radius:0px;border-bottom-left-radius:0px;border-bottom-right-radius:0px;}\n#btnsx-484{-webkit-box-shadow:none;box-shadow:none;}\n#btnsx-484:hover{-webkit-box-shadow:none;box-shadow:none;}\n\/*484-end*\/\n<\/style>\n<a href=\"https:\/\/photos.app.goo.gl\/Iblp07zBzKvcZuTE3\" id=\"btnsx-484\" target=\"_blank\" class=\"btnsx-btn\"  data-font-primary=\"Inherit\">\n\t<span class=\"btnsx-text-primary \">Zobacz album ze zdj\u0119ciami<\/span><\/a>\n\n<!-- Buttons X - End -->\n<\/p>\n","protected":false},"excerpt":{"rendered":"<p>W sobot\u0119 11 listopada, w Skar\u017cysku-Kamiennej odby\u0142y si\u0119 uroczysto\u015bci zwi\u0105zane z obchodami 99. rocznicy odzyskania przez Polsk\u0119 niepodleg\u0142o\u015bci. Obchody Narodowego \u015awi\u0119ta Niepodleg\u0142o\u015bci w Skar\u017cysku Kamiennej [&hellip;]<\/p>\n","protected":false},"author":1,"featured_media":1097,"comment_status":"closed","ping_status":"closed","sticky":false,"template":"","format":"standard","meta":{"footnotes":"","_links_to":"","_links_to_target":""},"categories":[1],"tags":[],"class_list":["post-1098","post","type-post","status-publish","format-standard","has-post-thumbnail","hentry","category-bez-kategorii"],"_links":{"self":[{"href":"https:\/\/zst-skarzysko.pl\/index.php?rest_route=\/wp\/v2\/posts\/1098","targetHints":{"allow":["GET"]}}],"collection":[{"href":"https:\/\/zst-skarzysko.pl\/index.php?rest_route=\/wp\/v2\/posts"}],"about":[{"href":"https:\/\/zst-skarzysko.pl\/index.php?rest_route=\/wp\/v2\/types\/post"}],"author":[{"embeddable":true,"href":"https:\/\/zst-skarzysko.pl\/index.php?rest_route=\/wp\/v2\/users\/1"}],"replies":[{"embeddable":true,"href":"https:\/\/zst-skarzysko.pl\/index.php?rest_route=%2Fwp%2Fv2%2Fcomments&post=1098"}],"version-history":[{"count":2,"href":"https:\/\/zst-skarzysko.pl\/index.php?rest_route=\/wp\/v2\/posts\/1098\/revisions"}],"predecessor-version":[{"id":1100,"href":"https:\/\/zst-skarzysko.pl\/index.php?rest_route=\/wp\/v2\/posts\/1098\/revisions\/1100"}],"wp:featuredmedia":[{"embeddable":true,"href":"https:\/\/zst-skarzysko.pl\/index.php?rest_route=\/wp\/v2\/media\/1097"}],"wp:attachment":[{"href":"https:\/\/zst-skarzysko.pl\/index.php?rest_route=%2Fwp%2Fv2%2Fmedia&parent=1098"}],"wp:term":[{"taxonomy":"category","embeddable":true,"href":"https:\/\/zst-skarzysko.pl\/index.php?rest_route=%2Fwp%2Fv2%2Fcategories&post=1098"},{"taxonomy":"post_tag","embeddable":true,"href":"https:\/\/zst-skarzysko.pl\/index.php?rest_route=%2Fwp%2Fv2%2Ftags&post=1098"}],"curies":[{"name":"wp","href":"https:\/\/api.w.org\/{rel}","templated":true}]}}