{"id":1095,"date":"2017-11-14T22:56:05","date_gmt":"2017-11-14T21:56:05","guid":{"rendered":"http:\/\/zst-skarzysko.pl\/?p=1095"},"modified":"2017-11-15T10:12:25","modified_gmt":"2017-11-15T09:12:25","slug":"polska-moja-ojczyzna","status":"publish","type":"post","link":"https:\/\/zst-skarzysko.pl\/?p=1095","title":{"rendered":"Polska, moja Ojczyzna"},"content":{"rendered":"<p>10 listopada 2017 roku  upami\u0119tnili\u015bmy kolejn\u0105 rocznic\u0119 Odzyskania Niepodleg\u0142o\u015bci przez Polsk\u0119. Tym razem uczniowie mogli uczestniczy\u0107 w wydarzeniu odbiegaj\u0105cym od typowej akademii , \u0142\u0105cz\u0105cym  nowoczesne, multimedialne i interaktywne elementy z tradycj\u0105 polskiej pie\u015bni i piosenki patriotycznej w poruszaj\u0105cym  wykonaniu Emilii M\u0142odawskiej z kl. II TF, Szymona Krawerendy z kl. I TIA  i Piotra Markiewicza z kl. III TI przy akompaniamencie Dawida Chmielnickiego z kl. IV TI. Uczniowie obejrzeli znakomite filmy przypominaj\u0105ce w przyst\u0119pny spos\u00f3b  najwa\u017cniejsze wydarzenia z historii naszego narodu,  a nast\u0119pnie przyst\u0105pili do rywalizacji w zorganizowanym dla nich konkursie. Wszyscy uczniowie mogli sprawdzi\u0107 swoj\u0105 wiedz\u0119 odpowiadaj\u0105c przy pomocy aplikacji internetowej na pytania z zakresu historii Polski, geografii, literatury i j\u0119zyka polskiego. Najwi\u0119kszym zasobem wiadomo\u015bci , a jednocze\u015bnie najlepszym  refleksem wykaza\u0142 si\u0119  Mateusz Tatarek z klasy IV TB, kt\u00f3ry wygra\u0142 t\u0119 cz\u0119\u015b\u0107 turnieju. Potem przysz\u0142a kolej na zmagania reprezentacji poszczeg\u00f3lnych  klas. Uczniowie odpowiadali na pytania dotycz\u0105ce naszej drogi do wolno\u015bci, a tak\u017ce wykazywali si\u0119 znajomo\u015bci\u0105 s\u0142awnych Polak\u00f3w, zabytk\u00f3w, tradycji. Ponadto rozpoznawali ta\u0144ce ludowe i narodowe oraz degustowali potrawy regionalne. I tym razem w\u015br\u00f3d najlepszych znalaz\u0142 si\u0119 Mateusz Tatarek, kt\u00f3ry razem z Micha\u0142em Kaczorem reprezentowa\u0142 klas\u0119 IV TB. II miejsce zaj\u0119\u0142a klasa  II TI w sk\u0142adzie: Jakub Grz\u0119da i Grzegorz Miernik. Na zwyci\u0119zc\u00f3w czeka\u0142y atrakcyjne nagrody, tablety, koszulki patriotyczne oraz ksi\u0105\u017cki historyczne. W przerwach konkursowych emocji wys\u0142uchali\u015bmy pie\u015bni legionowych i patriotycznych, kt\u00f3rym towarzyszy\u0142a projekcja film\u00f3w archiwalnych. . Niew\u0105tpliw\u0105 atrakcj\u0105 uroczysto\u015bci by\u0142y wyst\u0119py taneczne Izabeli Antos z kl. II TF i Dariusza Maciejewskiego z kl. III TI.<br \/>\n\tNasza to\u017csamo\u015b\u0107 narodowa to pami\u0119\u0107 o historii Polski i naszych wielkich rodakach, przywi\u0105zanie do tradycji, szacunek dla symboli narodowych. Dali\u015bmy temu wyraz, jednocze\u015bnie doskonale si\u0119 bawi\u0105c. Uroczysto\u015b\u0107 \u015awi\u0119ta Niepodleg\u0142o\u015bci przygotowali: p. J.Maciejewski i W.Jasi\u0144ska-Koch . Zdj\u0119cia: Julia Herbut i Patrizia Przew\u0142oka z kl. I TF. Opracowanie: W. Jasi\u0144ska-Koch.<\/p>\n<p style=\"text-align: right;\">\n<!-- Buttons X - Start -->\n<style type=\"text\/css\" scoped>\/*484-start*\/\n#btnsx-484{margin-top:0px;margin-bottom:0px;margin-left:0px;margin-right:0px;padding-top:10px;padding-bottom:10px;padding-left:40px;padding-right:40px;}\n#btnsx-484 .btnsx-text-primary{font-size:21px;line-height:21px;font-family:Inherit;color:#ffffff;padding-top:0px;padding-bottom:0px;padding-left:0px;padding-right:0px;}\n#btnsx-484:hover .btnsx-text-primary{color:#ffffff;}\n#btnsx-484{background-color:#2e93cd!important;}\n#btnsx-484:hover{background-color:#1488cc!important;}\n#btnsx-484{border-top-width:0px;border-bottom-width:0px;border-left-width:0px;border-right-width:0px;border-style:none;border-top-left-radius:0px;border-top-right-radius:0px;border-bottom-left-radius:0px;border-bottom-right-radius:0px;}\n#btnsx-484:hover{border-top-width:0px;border-bottom-width:0px;border-left-width:0px;border-right-width:0px;border-style:none;border-top-left-radius:0px;border-top-right-radius:0px;border-bottom-left-radius:0px;border-bottom-right-radius:0px;}\n#btnsx-484{-webkit-box-shadow:none;box-shadow:none;}\n#btnsx-484:hover{-webkit-box-shadow:none;box-shadow:none;}\n\/*484-end*\/\n<\/style>\n<a href=\"https:\/\/photos.app.goo.gl\/5mEmvTrItXVjUrkk2\" id=\"btnsx-484\" target=\"_blank\" class=\"btnsx-btn\"  data-font-primary=\"Inherit\">\n\t<span class=\"btnsx-text-primary \">Zobacz album ze zdj\u0119ciami<\/span><\/a>\n\n<!-- Buttons X - End -->\n<\/p>\n","protected":false},"excerpt":{"rendered":"<p>10 listopada 2017 roku upami\u0119tnili\u015bmy kolejn\u0105 rocznic\u0119 Odzyskania Niepodleg\u0142o\u015bci przez Polsk\u0119. Tym razem uczniowie mogli uczestniczy\u0107 w wydarzeniu odbiegaj\u0105cym od typowej akademii , \u0142\u0105cz\u0105cym nowoczesne, [&hellip;]<\/p>\n","protected":false},"author":1,"featured_media":1094,"comment_status":"closed","ping_status":"closed","sticky":false,"template":"","format":"standard","meta":{"footnotes":"","_links_to":"","_links_to_target":""},"categories":[1],"tags":[],"class_list":["post-1095","post","type-post","status-publish","format-standard","has-post-thumbnail","hentry","category-bez-kategorii"],"_links":{"self":[{"href":"https:\/\/zst-skarzysko.pl\/index.php?rest_route=\/wp\/v2\/posts\/1095","targetHints":{"allow":["GET"]}}],"collection":[{"href":"https:\/\/zst-skarzysko.pl\/index.php?rest_route=\/wp\/v2\/posts"}],"about":[{"href":"https:\/\/zst-skarzysko.pl\/index.php?rest_route=\/wp\/v2\/types\/post"}],"author":[{"embeddable":true,"href":"https:\/\/zst-skarzysko.pl\/index.php?rest_route=\/wp\/v2\/users\/1"}],"replies":[{"embeddable":true,"href":"https:\/\/zst-skarzysko.pl\/index.php?rest_route=%2Fwp%2Fv2%2Fcomments&post=1095"}],"version-history":[{"count":2,"href":"https:\/\/zst-skarzysko.pl\/index.php?rest_route=\/wp\/v2\/posts\/1095\/revisions"}],"predecessor-version":[{"id":1101,"href":"https:\/\/zst-skarzysko.pl\/index.php?rest_route=\/wp\/v2\/posts\/1095\/revisions\/1101"}],"wp:featuredmedia":[{"embeddable":true,"href":"https:\/\/zst-skarzysko.pl\/index.php?rest_route=\/wp\/v2\/media\/1094"}],"wp:attachment":[{"href":"https:\/\/zst-skarzysko.pl\/index.php?rest_route=%2Fwp%2Fv2%2Fmedia&parent=1095"}],"wp:term":[{"taxonomy":"category","embeddable":true,"href":"https:\/\/zst-skarzysko.pl\/index.php?rest_route=%2Fwp%2Fv2%2Fcategories&post=1095"},{"taxonomy":"post_tag","embeddable":true,"href":"https:\/\/zst-skarzysko.pl\/index.php?rest_route=%2Fwp%2Fv2%2Ftags&post=1095"}],"curies":[{"name":"wp","href":"https:\/\/api.w.org\/{rel}","templated":true}]}}