{"id":1003,"date":"2017-10-14T23:41:52","date_gmt":"2017-10-14T21:41:52","guid":{"rendered":"http:\/\/zst-skarzysko.pl\/?p=1003"},"modified":"2017-10-18T23:42:16","modified_gmt":"2017-10-18T21:42:16","slug":"dzien-edukacji-narodowej-w-zst","status":"publish","type":"post","link":"https:\/\/zst-skarzysko.pl\/?p=1003","title":{"rendered":"Dzie\u0144 Edukacji Narodowej w ZST"},"content":{"rendered":"<p>13.10.2017 r. w Zespole Szk\u00f3\u0142 Technicznych im. Armii Krajowej odby\u0142a si\u0119 akademia z okazji Dnia Edukacji Narodowej. Wszystkich przyby\u0142ych na t\u0105 uroczysto\u015b\u0107 przywita\u0142 Dyrektor Szko\u0142y Janusz Maciejewski, kt\u00f3ry podkre\u015bli\u0142, jak ogromn\u0105 rol\u0119 w naszym pa\u0144stwie odgrywa edukacja. Nast\u0119pnie rozda\u0142 stypendia szkolne  wyr\u00f3\u017cniaj\u0105cym si\u0119 uczniom w nauce.  Dalsz\u0105 cz\u0119\u015b\u0107 uroczysto\u015bci przej\u0119li uczniowie klasy 3TI oraz klasy 2TF pod opiek\u0105 pani Izabeli Skuzy. Najwi\u0119ksz\u0105 atrakcj\u0105 akademii by\u0142y wyst\u0119py wokalne uczennic ZST: Izabeli Lisowskiej, Klaudii Kucharskiej, Emilii M\u0142odawskiej i  Martyny Krzemi\u0144skiej oraz taniec Rumba wykonany przez Izabel\u0119 Antos i Dariusza Maciejewskiego. Na koniec uczniowie obdarowali nauczycieli oraz pracownik\u00f3w szko\u0142y, kwiatami oraz pysznymi s\u0142odko\u015bciami. Zdj\u0119cia: P\u0142usa Dominika, Julia Herbut, Patrizia Przew\u0142oka, Dominika Bartosiewicz, Angelika Goryca, Karolina Zuba, Roksana Miko\u0142ajczuk, Joanna Jelonek, Julia Dawidowicz, Anna Pi\u0119tka, Dagmara Pisarska i Jakub Pabi\u015b z klasy 1TF.<\/p>\n<p style=\"text-align: right;\">\n<!-- Buttons X - Start -->\n<style type=\"text\/css\" scoped>\/*484-start*\/\n#btnsx-484{margin-top:0px;margin-bottom:0px;margin-left:0px;margin-right:0px;padding-top:10px;padding-bottom:10px;padding-left:40px;padding-right:40px;}\n#btnsx-484 .btnsx-text-primary{font-size:21px;line-height:21px;font-family:Inherit;color:#ffffff;padding-top:0px;padding-bottom:0px;padding-left:0px;padding-right:0px;}\n#btnsx-484:hover .btnsx-text-primary{color:#ffffff;}\n#btnsx-484{background-color:#2e93cd!important;}\n#btnsx-484:hover{background-color:#1488cc!important;}\n#btnsx-484{border-top-width:0px;border-bottom-width:0px;border-left-width:0px;border-right-width:0px;border-style:none;border-top-left-radius:0px;border-top-right-radius:0px;border-bottom-left-radius:0px;border-bottom-right-radius:0px;}\n#btnsx-484:hover{border-top-width:0px;border-bottom-width:0px;border-left-width:0px;border-right-width:0px;border-style:none;border-top-left-radius:0px;border-top-right-radius:0px;border-bottom-left-radius:0px;border-bottom-right-radius:0px;}\n#btnsx-484{-webkit-box-shadow:none;box-shadow:none;}\n#btnsx-484:hover{-webkit-box-shadow:none;box-shadow:none;}\n\/*484-end*\/\n<\/style>\n<a href=\"https:\/\/photos.app.goo.gl\/FWUaffc9yc0Am4M13\" id=\"btnsx-484\" target=\"_blank\" class=\"btnsx-btn\"  data-font-primary=\"Inherit\">\n\t<span class=\"btnsx-text-primary \">Zobacz album ze zdj\u0119ciami<\/span><\/a>\n\n<!-- Buttons X - End -->\n<\/p>\n","protected":false},"excerpt":{"rendered":"<p>13.10.2017 r. w Zespole Szk\u00f3\u0142 Technicznych im. Armii Krajowej odby\u0142a si\u0119 akademia z okazji Dnia Edukacji Narodowej. Wszystkich przyby\u0142ych na t\u0105 uroczysto\u015b\u0107 przywita\u0142 Dyrektor Szko\u0142y [&hellip;]<\/p>\n","protected":false},"author":1,"featured_media":1002,"comment_status":"closed","ping_status":"closed","sticky":false,"template":"","format":"standard","meta":{"footnotes":"","_links_to":"","_links_to_target":""},"categories":[1],"tags":[],"class_list":["post-1003","post","type-post","status-publish","format-standard","has-post-thumbnail","hentry","category-bez-kategorii"],"_links":{"self":[{"href":"https:\/\/zst-skarzysko.pl\/index.php?rest_route=\/wp\/v2\/posts\/1003","targetHints":{"allow":["GET"]}}],"collection":[{"href":"https:\/\/zst-skarzysko.pl\/index.php?rest_route=\/wp\/v2\/posts"}],"about":[{"href":"https:\/\/zst-skarzysko.pl\/index.php?rest_route=\/wp\/v2\/types\/post"}],"author":[{"embeddable":true,"href":"https:\/\/zst-skarzysko.pl\/index.php?rest_route=\/wp\/v2\/users\/1"}],"replies":[{"embeddable":true,"href":"https:\/\/zst-skarzysko.pl\/index.php?rest_route=%2Fwp%2Fv2%2Fcomments&post=1003"}],"version-history":[{"count":1,"href":"https:\/\/zst-skarzysko.pl\/index.php?rest_route=\/wp\/v2\/posts\/1003\/revisions"}],"predecessor-version":[{"id":1004,"href":"https:\/\/zst-skarzysko.pl\/index.php?rest_route=\/wp\/v2\/posts\/1003\/revisions\/1004"}],"wp:featuredmedia":[{"embeddable":true,"href":"https:\/\/zst-skarzysko.pl\/index.php?rest_route=\/wp\/v2\/media\/1002"}],"wp:attachment":[{"href":"https:\/\/zst-skarzysko.pl\/index.php?rest_route=%2Fwp%2Fv2%2Fmedia&parent=1003"}],"wp:term":[{"taxonomy":"category","embeddable":true,"href":"https:\/\/zst-skarzysko.pl\/index.php?rest_route=%2Fwp%2Fv2%2Fcategories&post=1003"},{"taxonomy":"post_tag","embeddable":true,"href":"https:\/\/zst-skarzysko.pl\/index.php?rest_route=%2Fwp%2Fv2%2Ftags&post=1003"}],"curies":[{"name":"wp","href":"https:\/\/api.w.org\/{rel}","templated":true}]}}